{"id":3224,"date":"2021-08-27T07:55:02","date_gmt":"2021-08-27T04:55:02","guid":{"rendered":"http:\/\/lycee-stpaul4.ac-reunion.fr\/?p=3224"},"modified":"2021-08-31T07:05:10","modified_gmt":"2021-08-31T04:05:10","slug":"pandemie-covid-19-le-ministere-communique","status":"publish","type":"post","link":"https:\/\/etab.ac-reunion.fr\/lyc-saint-paul4\/pandemie-covid-19-le-ministere-communique\/","title":{"rendered":"Pand\u00e9mie COVID 19 : le minist\u00e8re communique"},"content":{"rendered":"\n<div class=\"wp-block-image\"><figure class=\"alignright size-large\"><a href=\"https:\/\/www.education.gouv.fr\/media\/92774\/download\" target=\"_blank\" rel=\"noopener\"><img loading=\"lazy\" decoding=\"async\" width=\"465\" height=\"357\" src=\"https:\/\/etab.ac-reunion.fr\/lyc-saint-paul4\/wp-content\/uploads\/sites\/49\/2021\/08\/Rentree-sco-2021.jpg\" alt=\"\" class=\"wp-image-3233\" srcset=\"https:\/\/etab.ac-reunion.fr\/lyc-saint-paul4\/wp-content\/uploads\/sites\/49\/2021\/08\/Rentree-sco-2021.jpg 465w, https:\/\/etab.ac-reunion.fr\/lyc-saint-paul4\/wp-content\/uploads\/sites\/49\/2021\/08\/Rentree-sco-2021-300x230.jpg 300w\" sizes=\"auto, (max-width: 465px) 100vw, 465px\" \/><\/a><\/figure><\/div>\n\n\n\n<p>\u00b7<strong>         PROTOCOLE SANITAIRE<\/strong><br><br>En cette rentr\u00e9e scolaire 2021, la situation \u00e9pid\u00e9mique nous permet d\u2019appliquer le niveau 2 du protocole sanitaire en m\u00e9tropole et dans une partie des collectivit\u00e9s d\u2019outre-mer. Quatre niveaux ont \u00e9t\u00e9 d\u00e9finis pour l&rsquo;ann\u00e9e scolaire 2021-2022 afin d&rsquo;organiser et de mettre en \u0153uvre les protocoles sanitaires et les mesures les plus justes et les plus gradu\u00e9es possibles face \u00e0 chaque situation territoriale. Ce niveau 2 pr\u00e9voit le retour en classe en pr\u00e9sentiel de tous les \u00e9l\u00e8ves de la maternelle \u00e0 la terminale avec l\u2019application stricte des gestes barri\u00e8res et le port du masque en int\u00e9rieur. Aucun Pass sanitaire ne sera exig\u00e9 pour aller \u00e0 l\u2019\u00c9cole.<\/p>\n\n\n\n<p><strong><span class=\"has-inline-color has-vivid-red-color\">Protocole applicable et guide des bonnes pratiques<\/span><\/strong> : <a rel=\"noreferrer noopener\" href=\"https:\/\/www.education.gouv.fr\/media\/92774\/download\" target=\"_blank\">https:\/\/www.education.gouv.fr\/media\/92774\/download<\/a><br><br><strong>\u00b7         D\u00c9PISTAGE ET VACCINATION<\/strong><br><br>Afin de prot\u00e9ger les \u00e9l\u00e8ves et les personnels, nous continuons \u00e0 appliquer la strat\u00e9gie tester, alerter, prot\u00e9ger qui a fait ses preuves l\u2019an dernier et qui a permis de contenir l\u2019\u00e9pid\u00e9mie en milieu scolaire. Nous poursuivons ainsi une <a rel=\"noreferrer noopener\" href=\"https:\/\/www.education.gouv.fr\/covid19-depistage-des-personnels-et-des-eleves-307814\" target=\"_blank\">strat\u00e9gie de d\u00e9pistage<\/a>. \u00c0 l\u2019\u00e9cole, des campagnes de tests salivaires seront organis\u00e9es r\u00e9guli\u00e8rement et comme les \u00e9l\u00e8ves ne sont pas vaccin\u00e9s, nous maintenons la cible de 600 000 tests r\u00e9alis\u00e9s par semaine aupr\u00e8s des \u00e9l\u00e8ves. Des autotests cibl\u00e9s seront aussi propos\u00e9s aux coll\u00e9giens et lyc\u00e9ens. Dans les \u00e9coles et les \u00e9tablissements, tous les personnels qui en feront la demande pourront b\u00e9n\u00e9ficier de 2 autotests par semaine.<br><br>Le corollaire de cette politique de d\u00e9pistage est la <a rel=\"noreferrer noopener\" href=\"https:\/\/www.education.gouv.fr\/covid19-la-vaccination-des-12-18-ans-323573\" target=\"_blank\">vaccination<\/a>. Les rectorats, en lien avec les ARS et les pr\u00e9fectures pour \u00eatre au plus proche des territoires, ont commenc\u00e9 \u00e0 s\u2019organiser et informeront les chefs d\u2019\u00e9tablissement pour leur proposer des op\u00e9rations de vaccination \u00e0 destination de leurs \u00e9l\u00e8ves de 12 ans et plus, soit dans l\u2019\u00e9tablissement, soit \u00e0 proximit\u00e9 (l\u2019organisation des d\u00e9placements \u00e9tant alors \u00e0 examiner avec les collectivit\u00e9s locales).<\/p>\n\n\n\n<p>\u00b7&nbsp;&nbsp;&nbsp;&nbsp;&nbsp;&nbsp;&nbsp;&nbsp; <strong>CONTINUIT\u00c9 P\u00c9DAGOGIQUE<\/strong><\/p>\n\n\n\n<p>Dans le contexte sanitaire actuel, la pr\u00e9paration de la rentr\u00e9e scolaire et, au-del\u00e0, de l\u2019ann\u00e9e scolaire, a conduit \u00e0 pr\u00e9parer diff\u00e9rents sc\u00e9narios de continuit\u00e9 p\u00e9dagogique afin d\u2019assurer la continuit\u00e9 des apprentissages et d\u2019accompagner au mieux les \u00e9quipes en fonction des circonstances locales ou nationales. <a rel=\"noreferrer noopener\" href=\"https:\/\/eduscol.education.fr\/2227\/plan-de-continuite-pedagogique\" target=\"_blank\">Le plan de continuit\u00e9 p\u00e9dagogique<\/a> a ainsi \u00e9t\u00e9 actualis\u00e9 et compl\u00e9t\u00e9. En termes d\u2019organisation p\u00e9dagogique, il se traduit soit par la mise en place d\u2019un enseignement hybride, lorsque seule une partie des \u00e9l\u00e8ves peut \u00eatre accueillie sur site, soit par la mise en place d\u2019un enseignement int\u00e9gralement \u00e0 distance, dans le cas de la fermeture de tout ou partie d\u2019une \u00e9cole ou d\u2019un \u00e9tablissement.<br><br><\/p>\n","protected":false},"excerpt":{"rendered":"<p>\u00b7 PROTOCOLE SANITAIRE En cette rentr\u00e9e scolaire 2021, la situation \u00e9pid\u00e9mique nous permet d\u2019appliquer le niveau 2 du protocole sanitaire en m\u00e9tropole et dans une partie des collectivit\u00e9s d\u2019outre-mer. Quatre niveaux ont \u00e9t\u00e9 d\u00e9finis pour l&rsquo;ann\u00e9e scolaire 2021-2022 afin d&rsquo;organiser et de mettre en \u0153uvre les protocoles sanitaires et les mesures les plus justes et [&hellip;]<\/p>\n","protected":false},"author":15,"featured_media":0,"comment_status":"closed","ping_status":"closed","sticky":false,"template":"","format":"standard","meta":{"footnotes":""},"categories":[1,112],"tags":[],"class_list":["post-3224","post","type-post","status-publish","format-standard","hentry","category-info-admin","category-informations-de-sante"],"_links":{"self":[{"href":"https:\/\/etab.ac-reunion.fr\/lyc-saint-paul4\/wp-json\/wp\/v2\/posts\/3224","targetHints":{"allow":["GET"]}}],"collection":[{"href":"https:\/\/etab.ac-reunion.fr\/lyc-saint-paul4\/wp-json\/wp\/v2\/posts"}],"about":[{"href":"https:\/\/etab.ac-reunion.fr\/lyc-saint-paul4\/wp-json\/wp\/v2\/types\/post"}],"author":[{"embeddable":true,"href":"https:\/\/etab.ac-reunion.fr\/lyc-saint-paul4\/wp-json\/wp\/v2\/users\/15"}],"replies":[{"embeddable":true,"href":"https:\/\/etab.ac-reunion.fr\/lyc-saint-paul4\/wp-json\/wp\/v2\/comments?post=3224"}],"version-history":[{"count":7,"href":"https:\/\/etab.ac-reunion.fr\/lyc-saint-paul4\/wp-json\/wp\/v2\/posts\/3224\/revisions"}],"predecessor-version":[{"id":3240,"href":"https:\/\/etab.ac-reunion.fr\/lyc-saint-paul4\/wp-json\/wp\/v2\/posts\/3224\/revisions\/3240"}],"wp:attachment":[{"href":"https:\/\/etab.ac-reunion.fr\/lyc-saint-paul4\/wp-json\/wp\/v2\/media?parent=3224"}],"wp:term":[{"taxonomy":"category","embeddable":true,"href":"https:\/\/etab.ac-reunion.fr\/lyc-saint-paul4\/wp-json\/wp\/v2\/categories?post=3224"},{"taxonomy":"post_tag","embeddable":true,"href":"https:\/\/etab.ac-reunion.fr\/lyc-saint-paul4\/wp-json\/wp\/v2\/tags?post=3224"}],"curies":[{"name":"wp","href":"https:\/\/api.w.org\/{rel}","templated":true}]}}