{"id":3299,"date":"2021-10-15T11:10:44","date_gmt":"2021-10-15T08:10:44","guid":{"rendered":"http:\/\/lycee-stpaul4.ac-reunion.fr\/?p=3299"},"modified":"2022-06-02T11:00:32","modified_gmt":"2022-06-02T08:00:32","slug":"nuestra-campana-de-sensibilizacion-ambiental-capitulo-1","status":"publish","type":"post","link":"https:\/\/etab.ac-reunion.fr\/lyc-saint-paul4\/nuestra-campana-de-sensibilizacion-ambiental-capitulo-1\/","title":{"rendered":"Nuestra campa\u00f1a de sensibilizaci\u00f3n ambiental : cap\u00edtulo 1"},"content":{"rendered":"\n<figure class=\"wp-block-video\"><video height=\"304\" style=\"aspect-ratio: 540 \/ 304;\" width=\"540\" controls poster=\"\" src=\"https:\/\/etab.ac-reunion.fr\/lyc-saint-paul4\/wp-content\/uploads\/sites\/49\/2021\/11\/Emma-Philippe-304p.mp4\"><\/video><\/figure>\n\n\n\n<p>Un <em>clip vid\u00e9o r\u00e9alis\u00e9 par Emma Philippe dans le cadre du projet \u00ab\u00a0innovations scientifiques et responsabilit\u00e9\u00a0\u00bb des classes de terminales. Avec la complicit\u00e9 de Mme RAIMBAUD &#8211; Octobre 2021 <\/em><\/p>\n","protected":false},"excerpt":{"rendered":"<p>Un clip vid\u00e9o r\u00e9alis\u00e9 par Emma Philippe dans le cadre du projet \u00ab\u00a0innovations scientifiques et responsabilit\u00e9\u00a0\u00bb des classes de terminales. Avec la complicit\u00e9 de Mme RAIMBAUD &#8211; Octobre 2021<\/p>\n","protected":false},"author":15,"featured_media":3304,"comment_status":"closed","ping_status":"closed","sticky":false,"template":"","format":"standard","meta":{"footnotes":""},"categories":[22],"tags":[120,51,35],"class_list":["post-3299","post","type-post","status-publish","format-standard","has-post-thumbnail","hentry","category-enseignement-general","tag-edd-education-au-developpement-durable","tag-espagnol","tag-projet"],"_links":{"self":[{"href":"https:\/\/etab.ac-reunion.fr\/lyc-saint-paul4\/wp-json\/wp\/v2\/posts\/3299","targetHints":{"allow":["GET"]}}],"collection":[{"href":"https:\/\/etab.ac-reunion.fr\/lyc-saint-paul4\/wp-json\/wp\/v2\/posts"}],"about":[{"href":"https:\/\/etab.ac-reunion.fr\/lyc-saint-paul4\/wp-json\/wp\/v2\/types\/post"}],"author":[{"embeddable":true,"href":"https:\/\/etab.ac-reunion.fr\/lyc-saint-paul4\/wp-json\/wp\/v2\/users\/15"}],"replies":[{"embeddable":true,"href":"https:\/\/etab.ac-reunion.fr\/lyc-saint-paul4\/wp-json\/wp\/v2\/comments?post=3299"}],"version-history":[{"count":9,"href":"https:\/\/etab.ac-reunion.fr\/lyc-saint-paul4\/wp-json\/wp\/v2\/posts\/3299\/revisions"}],"predecessor-version":[{"id":3330,"href":"https:\/\/etab.ac-reunion.fr\/lyc-saint-paul4\/wp-json\/wp\/v2\/posts\/3299\/revisions\/3330"}],"wp:featuredmedia":[{"embeddable":true,"href":"https:\/\/etab.ac-reunion.fr\/lyc-saint-paul4\/wp-json\/wp\/v2\/media\/3304"}],"wp:attachment":[{"href":"https:\/\/etab.ac-reunion.fr\/lyc-saint-paul4\/wp-json\/wp\/v2\/media?parent=3299"}],"wp:term":[{"taxonomy":"category","embeddable":true,"href":"https:\/\/etab.ac-reunion.fr\/lyc-saint-paul4\/wp-json\/wp\/v2\/categories?post=3299"},{"taxonomy":"post_tag","embeddable":true,"href":"https:\/\/etab.ac-reunion.fr\/lyc-saint-paul4\/wp-json\/wp\/v2\/tags?post=3299"}],"curies":[{"name":"wp","href":"https:\/\/api.w.org\/{rel}","templated":true}]}}