{"id":3807,"date":"2021-09-29T09:16:00","date_gmt":"2021-09-29T06:16:00","guid":{"rendered":"http:\/\/lycee-stpaul4.ac-reunion.fr\/?p=3807"},"modified":"2022-07-04T10:10:41","modified_gmt":"2022-07-04T07:10:41","slug":"le-temps-des-femmes","status":"publish","type":"post","link":"https:\/\/etab.ac-reunion.fr\/lyc-saint-paul4\/le-temps-des-femmes\/","title":{"rendered":"\u00ab\u00a0Le temps des femmes\u00a0\u00bb"},"content":{"rendered":"\n<div class=\"wp-block-image\"><figure class=\"alignleft size-full\"><img loading=\"lazy\" decoding=\"async\" width=\"620\" height=\"881\" src=\"https:\/\/etab.ac-reunion.fr\/lyc-saint-paul4\/wp-content\/uploads\/sites\/49\/2022\/07\/Camille-affiche.png\" alt=\"\" class=\"wp-image-3812\" srcset=\"https:\/\/etab.ac-reunion.fr\/lyc-saint-paul4\/wp-content\/uploads\/sites\/49\/2022\/07\/Camille-affiche.png 620w, https:\/\/etab.ac-reunion.fr\/lyc-saint-paul4\/wp-content\/uploads\/sites\/49\/2022\/07\/Camille-affiche-211x300.png 211w\" sizes=\"auto, (max-width: 620px) 100vw, 620px\" \/><\/figure><\/div>\n\n\n\n<p>Dans le cadre de l&rsquo;EMC et du \u00ab\u00a0Temps des femmes\u00a0\u00bb, les \u00e9l\u00e8ves de 205 ont pu participer \u00e0 une s\u00e9ance scolaire sur le film documentaire Camille puis \u00e0 un temps d&rsquo;\u00e9change \u00e0 Lespas culturel Leconte de Lisle de st Paul.<\/p>\n\n\n\n<p>Pour en savoir plus : <\/p>\n\n\n\n<ul class=\"wp-block-list\"><li><a rel=\"noreferrer noopener\" href=\"https:\/\/etab.ac-reunion.fr\/lyc-saint-paul4\/wp-content\/uploads\/sites\/49\/2022\/07\/camilledpfrld.pdf\" target=\"_blank\">https:\/\/etab.ac-reunion.fr\/lyc-saint-paul4\/wp-content\/uploads\/sites\/49\/2022\/07\/camilledpfrld.pdf<\/a><\/li><li><a href=\"https:\/\/etab.ac-reunion.fr\/lyc-saint-paul4\/wp-content\/uploads\/sites\/49\/2022\/07\/camillerevue-de-presse.pdf\" target=\"_blank\" rel=\"noreferrer noopener\">https:\/\/etab.ac-reunion.fr\/lyc-saint-paul4\/wp-content\/uploads\/sites\/49\/2022\/07\/camillerevue-de-presse.pdf<\/a><\/li><\/ul>\n\n\n\n<p><\/p>\n\n\n\n<p>Remerciements aux accompagnateurs et \u00e0 Dana Virama<\/p>\n","protected":false},"excerpt":{"rendered":"<p>Dans le cadre de l&rsquo;EMC et du \u00ab\u00a0Temps des femmes\u00a0\u00bb, les \u00e9l\u00e8ves de 205 ont pu participer \u00e0 une s\u00e9ance scolaire sur le film documentaire Camille puis \u00e0 un temps d&rsquo;\u00e9change \u00e0 Lespas culturel Leconte de Lisle de st Paul. Pour en savoir plus : https:\/\/etab.ac-reunion.fr\/lyc-saint-paul4\/wp-content\/uploads\/sites\/49\/2022\/07\/camilledpfrld.pdf https:\/\/etab.ac-reunion.fr\/lyc-saint-paul4\/wp-content\/uploads\/sites\/49\/2022\/07\/camillerevue-de-presse.pdf Remerciements aux accompagnateurs et \u00e0 Dana Virama<\/p>\n","protected":false},"author":15,"featured_media":0,"comment_status":"closed","ping_status":"closed","sticky":false,"template":"","format":"standard","meta":{"footnotes":""},"categories":[5],"tags":[43,35,90],"class_list":["post-3807","post","type-post","status-publish","format-standard","hentry","category-actualites-culturelles","tag-action-culturelle","tag-projet","tag-sortie-scolaire"],"_links":{"self":[{"href":"https:\/\/etab.ac-reunion.fr\/lyc-saint-paul4\/wp-json\/wp\/v2\/posts\/3807","targetHints":{"allow":["GET"]}}],"collection":[{"href":"https:\/\/etab.ac-reunion.fr\/lyc-saint-paul4\/wp-json\/wp\/v2\/posts"}],"about":[{"href":"https:\/\/etab.ac-reunion.fr\/lyc-saint-paul4\/wp-json\/wp\/v2\/types\/post"}],"author":[{"embeddable":true,"href":"https:\/\/etab.ac-reunion.fr\/lyc-saint-paul4\/wp-json\/wp\/v2\/users\/15"}],"replies":[{"embeddable":true,"href":"https:\/\/etab.ac-reunion.fr\/lyc-saint-paul4\/wp-json\/wp\/v2\/comments?post=3807"}],"version-history":[{"count":3,"href":"https:\/\/etab.ac-reunion.fr\/lyc-saint-paul4\/wp-json\/wp\/v2\/posts\/3807\/revisions"}],"predecessor-version":[{"id":3813,"href":"https:\/\/etab.ac-reunion.fr\/lyc-saint-paul4\/wp-json\/wp\/v2\/posts\/3807\/revisions\/3813"}],"wp:attachment":[{"href":"https:\/\/etab.ac-reunion.fr\/lyc-saint-paul4\/wp-json\/wp\/v2\/media?parent=3807"}],"wp:term":[{"taxonomy":"category","embeddable":true,"href":"https:\/\/etab.ac-reunion.fr\/lyc-saint-paul4\/wp-json\/wp\/v2\/categories?post=3807"},{"taxonomy":"post_tag","embeddable":true,"href":"https:\/\/etab.ac-reunion.fr\/lyc-saint-paul4\/wp-json\/wp\/v2\/tags?post=3807"}],"curies":[{"name":"wp","href":"https:\/\/api.w.org\/{rel}","templated":true}]}}