{"id":4411,"date":"2023-06-10T06:35:00","date_gmt":"2023-06-10T03:35:00","guid":{"rendered":"https:\/\/etab.ac-reunion.fr\/lyc-saint-paul4\/?p=4411"},"modified":"2023-07-03T15:56:27","modified_gmt":"2023-07-03T12:56:27","slug":"la-dolche-vita","status":"publish","type":"post","link":"https:\/\/etab.ac-reunion.fr\/lyc-saint-paul4\/la-dolche-vita\/","title":{"rendered":"La dolce vita !"},"content":{"rendered":"\n<p>Les \u00e9l\u00e8ves de seconde option latin et cin\u00e9ma-audiovisuel du lyc\u00e9e Saint-Paul IV sont partis en Italie la premi\u00e8re semaine de juin dans le cadre d\u2019un projet d\u2019\u00e9change Erasmus. <br><br>Ils ont fait la connaissance des \u00e9l\u00e8ves du lyc\u00e9e Suor Orsola Benincasa \u00e0 Naples. Ils ont pu \u00e0 cette occasion \u00e9changer sur l\u2019histoire de leur \u00eele et de leur ville autour d\u2019une g\u00e9ographie commune : les volcans! Celui du V\u00e9suve \u00e0 Naples et le Piton de la fournaise \u00e0 la R\u00e9union. Les \u00e9l\u00e8ves napolitains ont fait visiter leur lyc\u00e9e au groupe et tous ont poursuivi l\u2019\u00e9change autour de leur particularit\u00e9 linguistique  respective : le dialecte napolitain et la langue cr\u00e9ole.<br>Nos \u00e9l\u00e8ves de l\u2019option cin\u00e9ma avaient pr\u00e9par\u00e9 une vid\u00e9o de pr\u00e9sentation du lyc\u00e9e Saint-Paul IV qu\u2019ils ont fait d\u00e9couvrir aux \u00e9l\u00e8ves napolitains.<br>Le s\u00e9jour s\u2019est poursuivi par une d\u00e9couverte des sites antiques, Pomp\u00e9\u00ef, le Colis\u00e9e, en lien avec le programme de latin. <br>Nos \u00e9l\u00e8ves se sont ensuite rendus \u00e0 l\u2019\u00c9cole Nationale de cin\u00e9ma \u00e0 Rome pour visiter les lieux et rencontrer des \u00e9tudiants en audiovisuel. Ils ont eu l\u2019occasion de d\u00e9couvrir les studios de tournage de Cinecitt\u00e0.<br>Nos \u00e9l\u00e8ves attendent donc \u00e0 pr\u00e9sent la venue prochaine des lyc\u00e9ens napolitains sur l\u2019\u00eele pr\u00e9vue pour 2024!<\/p>\n\n\n\n<figure class=\"wp-block-gallery has-nested-images columns-default is-cropped wp-block-gallery-1 is-layout-flex wp-block-gallery-is-layout-flex\">\n<figure class=\"wp-block-image size-large\"><img loading=\"lazy\" decoding=\"async\" width=\"1024\" height=\"768\" data-id=\"4422\" src=\"https:\/\/etab.ac-reunion.fr\/lyc-saint-paul4\/wp-content\/uploads\/sites\/49\/2023\/06\/photo-lycee-napolitain-1024x768.jpg\" alt=\"\" class=\"wp-image-4422\" srcset=\"https:\/\/etab.ac-reunion.fr\/lyc-saint-paul4\/wp-content\/uploads\/sites\/49\/2023\/06\/photo-lycee-napolitain-1024x768.jpg 1024w, https:\/\/etab.ac-reunion.fr\/lyc-saint-paul4\/wp-content\/uploads\/sites\/49\/2023\/06\/photo-lycee-napolitain-300x225.jpg 300w, https:\/\/etab.ac-reunion.fr\/lyc-saint-paul4\/wp-content\/uploads\/sites\/49\/2023\/06\/photo-lycee-napolitain-768x576.jpg 768w, https:\/\/etab.ac-reunion.fr\/lyc-saint-paul4\/wp-content\/uploads\/sites\/49\/2023\/06\/photo-lycee-napolitain-1536x1152.jpg 1536w, https:\/\/etab.ac-reunion.fr\/lyc-saint-paul4\/wp-content\/uploads\/sites\/49\/2023\/06\/photo-lycee-napolitain.jpg 1600w\" sizes=\"auto, (max-width: 1024px) 100vw, 1024px\" \/><\/figure>\n\n\n\n<figure class=\"wp-block-image size-large\"><img loading=\"lazy\" decoding=\"async\" width=\"1024\" height=\"768\" data-id=\"4421\" src=\"https:\/\/etab.ac-reunion.fr\/lyc-saint-paul4\/wp-content\/uploads\/sites\/49\/2023\/06\/photo-Rome.jpg\" alt=\"\" class=\"wp-image-4421\" srcset=\"https:\/\/etab.ac-reunion.fr\/lyc-saint-paul4\/wp-content\/uploads\/sites\/49\/2023\/06\/photo-Rome.jpg 1024w, https:\/\/etab.ac-reunion.fr\/lyc-saint-paul4\/wp-content\/uploads\/sites\/49\/2023\/06\/photo-Rome-300x225.jpg 300w, https:\/\/etab.ac-reunion.fr\/lyc-saint-paul4\/wp-content\/uploads\/sites\/49\/2023\/06\/photo-Rome-768x576.jpg 768w\" sizes=\"auto, (max-width: 1024px) 100vw, 1024px\" \/><\/figure>\n<\/figure>\n\n\n\n<p>Pour les photos : celle de gauche a \u00e9t\u00e9 prise au lyc\u00e9e de Naples, \u00e9l\u00e8ves r\u00e9unionnais et napolitains posent ensemble.<br>Celle de droite :  le groupe de Saint-Paul IV  devant le Colis\u00e9e \u00e0 Rome.<br><\/p>\n","protected":false},"excerpt":{"rendered":"<p>Les \u00e9l\u00e8ves de seconde option latin et cin\u00e9ma-audiovisuel du lyc\u00e9e Saint-Paul IV sont partis en Italie la premi\u00e8re semaine de juin dans le cadre d\u2019un projet d\u2019\u00e9change Erasmus. Ils ont fait la connaissance des \u00e9l\u00e8ves du lyc\u00e9e Suor Orsola Benincasa \u00e0 Naples. Ils ont pu \u00e0 cette occasion \u00e9changer sur l\u2019histoire de leur \u00eele et [&hellip;]<\/p>\n","protected":false},"author":15,"featured_media":0,"comment_status":"closed","ping_status":"closed","sticky":false,"template":"","format":"standard","meta":{"footnotes":""},"categories":[5,105],"tags":[42,64,35,18,106],"class_list":["post-4411","post","type-post","status-publish","format-standard","hentry","category-actualites-culturelles","category-voyages-scolaires","tag-cinema","tag-lettres-classiques","tag-projet","tag-union-europeenne","tag-voyages"],"_links":{"self":[{"href":"https:\/\/etab.ac-reunion.fr\/lyc-saint-paul4\/wp-json\/wp\/v2\/posts\/4411","targetHints":{"allow":["GET"]}}],"collection":[{"href":"https:\/\/etab.ac-reunion.fr\/lyc-saint-paul4\/wp-json\/wp\/v2\/posts"}],"about":[{"href":"https:\/\/etab.ac-reunion.fr\/lyc-saint-paul4\/wp-json\/wp\/v2\/types\/post"}],"author":[{"embeddable":true,"href":"https:\/\/etab.ac-reunion.fr\/lyc-saint-paul4\/wp-json\/wp\/v2\/users\/15"}],"replies":[{"embeddable":true,"href":"https:\/\/etab.ac-reunion.fr\/lyc-saint-paul4\/wp-json\/wp\/v2\/comments?post=4411"}],"version-history":[{"count":3,"href":"https:\/\/etab.ac-reunion.fr\/lyc-saint-paul4\/wp-json\/wp\/v2\/posts\/4411\/revisions"}],"predecessor-version":[{"id":4424,"href":"https:\/\/etab.ac-reunion.fr\/lyc-saint-paul4\/wp-json\/wp\/v2\/posts\/4411\/revisions\/4424"}],"wp:attachment":[{"href":"https:\/\/etab.ac-reunion.fr\/lyc-saint-paul4\/wp-json\/wp\/v2\/media?parent=4411"}],"wp:term":[{"taxonomy":"category","embeddable":true,"href":"https:\/\/etab.ac-reunion.fr\/lyc-saint-paul4\/wp-json\/wp\/v2\/categories?post=4411"},{"taxonomy":"post_tag","embeddable":true,"href":"https:\/\/etab.ac-reunion.fr\/lyc-saint-paul4\/wp-json\/wp\/v2\/tags?post=4411"}],"curies":[{"name":"wp","href":"https:\/\/api.w.org\/{rel}","templated":true}]}}