{"id":4555,"date":"2023-11-27T11:27:13","date_gmt":"2023-11-27T08:27:13","guid":{"rendered":"https:\/\/etab.ac-reunion.fr\/lyc-saint-paul4\/?p=4555"},"modified":"2025-04-08T14:54:59","modified_gmt":"2025-04-08T11:54:59","slug":"sortie-pedagogique-a-kelonia","status":"publish","type":"post","link":"https:\/\/etab.ac-reunion.fr\/lyc-saint-paul4\/sortie-pedagogique-a-kelonia\/","title":{"rendered":"Sortie p\u00e9dagogique \u00e0 K\u00e9lonia"},"content":{"rendered":"\n<p>Dans le cadre du projet dans le cadre de la classe PNA pilot\u00e9 par Madame Haller \u00ab\u00a0Classe Patrimoine : Le Port avec un projet ax\u00e9 sur l&rsquo;oc\u00e9an littoral (2D)\u00a0\u00bb, les \u00e9l\u00e8ves 2PMIA, 1AQE et 2AQE, les \u00e9l\u00e8ves ont pu  tagger les motifs de sensibilisation \u00ab\u00a0la mer i komans terla, merci \u00e0 zot et la tortue\u00a0\u00bb sur le site de Kelonia.&nbsp;De plus, durant la session de tag les \u00e9l\u00e8ves se sont pr\u00e9sent\u00e9s bri\u00e8vement et ont expliqu\u00e9 aux personnels et aux touristes ce qu\u2019ils font et pourquoi ils le font, tout en mettant en avant leur formation et le lyc\u00e9e.&nbsp;<br><\/p>\n\n\n\n<blockquote class=\"wp-block-quote is-layout-flow wp-block-quote-is-layout-flow\">\n<p><em>Ci dessous le compte rendu r\u00e9dig\u00e9 par les \u00e9l\u00e8ves de 2ndPMIA&nbsp;&#8211; Luijdy, Rohan, Meldrick, Josuah, Harold, Enrick, Tony, Noah, Kirane, Kylian, Ma\u00ebllysse, Th\u00e9o, Evan et Jade&nbsp;&#8211; :<\/em><\/p>\n<\/blockquote>\n\n\n\n<p>Le mardi 21 novembre, nous sommes partis \u00e0 K\u00e9lonia \u00e0 Saint-Leu. K\u00e9lonia est un centre m\u00e9dical pour tortues. Pour toutes sortes de tortues&nbsp;: tortues de terre et tortues maritimes. <br>Nous \u00e9tions accompagn\u00e9s des classes AQE 1 et 2 et nous \u00e9tions encadr\u00e9s par Mesdames Haller et Marvillier, par Messieurs Apaya, Baptiste, Conjond\u00e9-Soleyen, Dorval et Payet.<\/p>\n\n\n\n<p>A notre arriv\u00e9e, les \u00e9l\u00e8ves des classes AQE ont tagg\u00e9s des inscriptions sur et \u00e0 c\u00f4t\u00e9 des plaques d\u2019\u00e9go\u00fbt&nbsp;: \u00abLa mer i komans ter l\u00e0&nbsp;\u00bb, \u00ab&nbsp;merci&nbsp;\u00bb et des images de tortue.<br><\/p>\n\n\n\n<figure class=\"wp-block-gallery has-nested-images columns-default is-cropped wp-block-gallery-1 is-layout-flex wp-block-gallery-is-layout-flex\">\n<figure class=\"wp-block-image size-large\"><img loading=\"lazy\" decoding=\"async\" width=\"473\" height=\"1024\" data-id=\"4569\" src=\"https:\/\/etab.ac-reunion.fr\/lyc-saint-paul4\/wp-content\/uploads\/sites\/49\/2023\/11\/Kelonia-1_093751-473x1024.jpg\" alt=\"\" class=\"wp-image-4569\" srcset=\"https:\/\/etab.ac-reunion.fr\/lyc-saint-paul4\/wp-content\/uploads\/sites\/49\/2023\/11\/Kelonia-1_093751-473x1024.jpg 473w, https:\/\/etab.ac-reunion.fr\/lyc-saint-paul4\/wp-content\/uploads\/sites\/49\/2023\/11\/Kelonia-1_093751-139x300.jpg 139w, https:\/\/etab.ac-reunion.fr\/lyc-saint-paul4\/wp-content\/uploads\/sites\/49\/2023\/11\/Kelonia-1_093751-768x1663.jpg 768w, https:\/\/etab.ac-reunion.fr\/lyc-saint-paul4\/wp-content\/uploads\/sites\/49\/2023\/11\/Kelonia-1_093751-709x1536.jpg 709w, https:\/\/etab.ac-reunion.fr\/lyc-saint-paul4\/wp-content\/uploads\/sites\/49\/2023\/11\/Kelonia-1_093751-946x2048.jpg 946w, https:\/\/etab.ac-reunion.fr\/lyc-saint-paul4\/wp-content\/uploads\/sites\/49\/2023\/11\/Kelonia-1_093751.jpg 975w\" sizes=\"auto, (max-width: 473px) 100vw, 473px\" \/><\/figure>\n\n\n\n<figure class=\"wp-block-image size-large\"><img loading=\"lazy\" decoding=\"async\" width=\"450\" height=\"975\" data-id=\"4567\" src=\"https:\/\/etab.ac-reunion.fr\/lyc-saint-paul4\/wp-content\/uploads\/sites\/49\/2023\/11\/Kelonia-3_094846.jpg\" alt=\"\" class=\"wp-image-4567\" srcset=\"https:\/\/etab.ac-reunion.fr\/lyc-saint-paul4\/wp-content\/uploads\/sites\/49\/2023\/11\/Kelonia-3_094846.jpg 450w, https:\/\/etab.ac-reunion.fr\/lyc-saint-paul4\/wp-content\/uploads\/sites\/49\/2023\/11\/Kelonia-3_094846-138x300.jpg 138w\" sizes=\"auto, (max-width: 450px) 100vw, 450px\" \/><\/figure>\n\n\n\n<figure class=\"wp-block-image size-large\"><img loading=\"lazy\" decoding=\"async\" width=\"450\" height=\"975\" data-id=\"4568\" src=\"https:\/\/etab.ac-reunion.fr\/lyc-saint-paul4\/wp-content\/uploads\/sites\/49\/2023\/11\/Kelonia-6_094659.jpg\" alt=\"\" class=\"wp-image-4568\" srcset=\"https:\/\/etab.ac-reunion.fr\/lyc-saint-paul4\/wp-content\/uploads\/sites\/49\/2023\/11\/Kelonia-6_094659.jpg 450w, https:\/\/etab.ac-reunion.fr\/lyc-saint-paul4\/wp-content\/uploads\/sites\/49\/2023\/11\/Kelonia-6_094659-138x300.jpg 138w\" sizes=\"auto, (max-width: 450px) 100vw, 450px\" \/><\/figure>\n\n\n\n<figure class=\"wp-block-image size-large\"><img loading=\"lazy\" decoding=\"async\" width=\"450\" height=\"975\" data-id=\"4570\" src=\"https:\/\/etab.ac-reunion.fr\/lyc-saint-paul4\/wp-content\/uploads\/sites\/49\/2023\/11\/Kelonia-7_094817.jpg\" alt=\"\" class=\"wp-image-4570\" srcset=\"https:\/\/etab.ac-reunion.fr\/lyc-saint-paul4\/wp-content\/uploads\/sites\/49\/2023\/11\/Kelonia-7_094817.jpg 450w, https:\/\/etab.ac-reunion.fr\/lyc-saint-paul4\/wp-content\/uploads\/sites\/49\/2023\/11\/Kelonia-7_094817-138x300.jpg 138w\" sizes=\"auto, (max-width: 450px) 100vw, 450px\" \/><\/figure>\n<\/figure>\n\n\n\n<p>Vers dix heures, nous avons \u00e9t\u00e9 divis\u00e9s en deux groupes&nbsp;: pendant qu\u2019un suivait une guide, l\u2019autre avait la libert\u00e9 de visiter et de regarder des vid\u00e9os. Les vid\u00e9os \u00e9taient des mini reportages sur la vie des tortues, les diff\u00e9rents personnels qui prenaient soin des tortues, les classes qui avaient fait des projet avec K\u00e9lonia\u2026<\/p>\n\n\n\n<figure class=\"wp-block-image size-full\"><img loading=\"lazy\" decoding=\"async\" width=\"975\" height=\"450\" src=\"https:\/\/etab.ac-reunion.fr\/lyc-saint-paul4\/wp-content\/uploads\/sites\/49\/2023\/11\/Kelonia-4_111142.jpg\" alt=\"\" class=\"wp-image-4571\" srcset=\"https:\/\/etab.ac-reunion.fr\/lyc-saint-paul4\/wp-content\/uploads\/sites\/49\/2023\/11\/Kelonia-4_111142.jpg 975w, https:\/\/etab.ac-reunion.fr\/lyc-saint-paul4\/wp-content\/uploads\/sites\/49\/2023\/11\/Kelonia-4_111142-300x138.jpg 300w, https:\/\/etab.ac-reunion.fr\/lyc-saint-paul4\/wp-content\/uploads\/sites\/49\/2023\/11\/Kelonia-4_111142-768x354.jpg 768w\" sizes=\"auto, (max-width: 975px) 100vw, 975px\" \/><\/figure>\n\n\n\n<p>Arriv\u00e9 notre tour pour la visite, la dame nous a expliqu\u00e9 l\u2019histoire et les probl\u00e8mes des tortues. Elle nous a expliqu\u00e9 la difficult\u00e9 que les tortues avaient pour survivre en mer par rapport \u00e0 l\u2019impact environnemental de l\u2019Homme. Plusieurs tortues ont des probl\u00e8mes comme une nageoire en moins. Elle nous a aussi montr\u00e9 l\u2019anatomie des tortues, les 7 types de tortues&nbsp;: luth, verte ou franche, oli\u00e2tre, imbriqu\u00e9e ou caret, \u00e0 dos plat, Kemp, \u00e0 grosse t\u00eate.<\/p>\n\n\n\n<figure class=\"wp-block-gallery has-nested-images columns-default is-cropped wp-block-gallery-2 is-layout-flex wp-block-gallery-is-layout-flex\">\n<figure class=\"wp-block-image size-large\"><img loading=\"lazy\" decoding=\"async\" width=\"975\" height=\"531\" data-id=\"4573\" src=\"https:\/\/etab.ac-reunion.fr\/lyc-saint-paul4\/wp-content\/uploads\/sites\/49\/2023\/11\/Kelonia-5_111135.jpg\" alt=\"\" class=\"wp-image-4573\" srcset=\"https:\/\/etab.ac-reunion.fr\/lyc-saint-paul4\/wp-content\/uploads\/sites\/49\/2023\/11\/Kelonia-5_111135.jpg 975w, https:\/\/etab.ac-reunion.fr\/lyc-saint-paul4\/wp-content\/uploads\/sites\/49\/2023\/11\/Kelonia-5_111135-300x163.jpg 300w, https:\/\/etab.ac-reunion.fr\/lyc-saint-paul4\/wp-content\/uploads\/sites\/49\/2023\/11\/Kelonia-5_111135-768x418.jpg 768w\" sizes=\"auto, (max-width: 975px) 100vw, 975px\" \/><\/figure>\n\n\n\n<figure class=\"wp-block-image size-large\"><img loading=\"lazy\" decoding=\"async\" width=\"975\" height=\"450\" data-id=\"4572\" src=\"https:\/\/etab.ac-reunion.fr\/lyc-saint-paul4\/wp-content\/uploads\/sites\/49\/2023\/11\/Kelonia-2_102023.jpg\" alt=\"\" class=\"wp-image-4572\" srcset=\"https:\/\/etab.ac-reunion.fr\/lyc-saint-paul4\/wp-content\/uploads\/sites\/49\/2023\/11\/Kelonia-2_102023.jpg 975w, https:\/\/etab.ac-reunion.fr\/lyc-saint-paul4\/wp-content\/uploads\/sites\/49\/2023\/11\/Kelonia-2_102023-300x138.jpg 300w, https:\/\/etab.ac-reunion.fr\/lyc-saint-paul4\/wp-content\/uploads\/sites\/49\/2023\/11\/Kelonia-2_102023-768x354.jpg 768w\" sizes=\"auto, (max-width: 975px) 100vw, 975px\" \/><\/figure>\n<\/figure>\n\n\n\n<p>Apr\u00e8s cela, nous sommes partis manger sur le front de mer de Saint-Leu. Les demi-pensionnaires ont eu leur repas avec les profs, certains sont partis acheter leur sandwich, d\u2019autres avaient apport\u00e9 de quoi manger. Comme dessert nous avons le plaisir d\u2019avoir des glaces.<br><br>Nous sommes rentr\u00e9s au lyc\u00e9e vers 15 h 00.<\/p>\n\n\n\n<p>Josuah&nbsp;: \u00ab<em>&nbsp;J&rsquo;ai bien aim\u00e9 la sortie car cela m\u2019a chang\u00e9 les id\u00e9es et j\u2019ai ador\u00e9 regarder les tortues&nbsp;<\/em>\u00bb.<br>Noah&nbsp;: \u00ab&nbsp;<em>En sortie c\u2019est bien, on travaille autrement qu&rsquo;au lyc\u00e9e<\/em>&nbsp;\u00bb. <br><br>Fait le 22 novembre 2023 en cours d\u2019AP.<\/p>\n","protected":false},"excerpt":{"rendered":"<p>Dans le cadre du projet dans le cadre de la classe PNA pilot\u00e9 par Madame Haller \u00ab\u00a0Classe Patrimoine : Le Port avec un projet ax\u00e9 sur l&rsquo;oc\u00e9an littoral (2D)\u00a0\u00bb, les \u00e9l\u00e8ves 2PMIA, 1AQE et 2AQE, les \u00e9l\u00e8ves ont pu tagger les motifs de sensibilisation \u00ab\u00a0la mer i komans terla, merci \u00e0 zot et la tortue\u00a0\u00bb [&hellip;]<\/p>\n","protected":false},"author":15,"featured_media":0,"comment_status":"closed","ping_status":"closed","sticky":false,"template":"","format":"standard","meta":{"footnotes":""},"categories":[2,31,24],"tags":[83,35,90],"class_list":["post-4555","post","type-post","status-publish","format-standard","hentry","category-actualites","category-enseignement-professionnel","category-enseignement-professionel","tag-culture-scientifique","tag-projet","tag-sortie-scolaire"],"_links":{"self":[{"href":"https:\/\/etab.ac-reunion.fr\/lyc-saint-paul4\/wp-json\/wp\/v2\/posts\/4555","targetHints":{"allow":["GET"]}}],"collection":[{"href":"https:\/\/etab.ac-reunion.fr\/lyc-saint-paul4\/wp-json\/wp\/v2\/posts"}],"about":[{"href":"https:\/\/etab.ac-reunion.fr\/lyc-saint-paul4\/wp-json\/wp\/v2\/types\/post"}],"author":[{"embeddable":true,"href":"https:\/\/etab.ac-reunion.fr\/lyc-saint-paul4\/wp-json\/wp\/v2\/users\/15"}],"replies":[{"embeddable":true,"href":"https:\/\/etab.ac-reunion.fr\/lyc-saint-paul4\/wp-json\/wp\/v2\/comments?post=4555"}],"version-history":[{"count":5,"href":"https:\/\/etab.ac-reunion.fr\/lyc-saint-paul4\/wp-json\/wp\/v2\/posts\/4555\/revisions"}],"predecessor-version":[{"id":4798,"href":"https:\/\/etab.ac-reunion.fr\/lyc-saint-paul4\/wp-json\/wp\/v2\/posts\/4555\/revisions\/4798"}],"wp:attachment":[{"href":"https:\/\/etab.ac-reunion.fr\/lyc-saint-paul4\/wp-json\/wp\/v2\/media?parent=4555"}],"wp:term":[{"taxonomy":"category","embeddable":true,"href":"https:\/\/etab.ac-reunion.fr\/lyc-saint-paul4\/wp-json\/wp\/v2\/categories?post=4555"},{"taxonomy":"post_tag","embeddable":true,"href":"https:\/\/etab.ac-reunion.fr\/lyc-saint-paul4\/wp-json\/wp\/v2\/tags?post=4555"}],"curies":[{"name":"wp","href":"https:\/\/api.w.org\/{rel}","templated":true}]}}