{"id":4566,"date":"2023-11-09T12:59:00","date_gmt":"2023-11-09T09:59:00","guid":{"rendered":"https:\/\/etab.ac-reunion.fr\/lyc-saint-paul4\/?p=4566"},"modified":"2025-04-08T14:49:18","modified_gmt":"2025-04-08T11:49:18","slug":"unss-notre-participation-au-cross-district","status":"publish","type":"post","link":"https:\/\/etab.ac-reunion.fr\/lyc-saint-paul4\/unss-notre-participation-au-cross-district\/","title":{"rendered":"UNSS : notre participation au Cross District"},"content":{"rendered":"\n<p>Le cross District a eu lieu le Mercredi 8 Novembre 2023, il a rassembl\u00e9 beaucoup de lyc\u00e9es : g\u00e9n\u00e9raux, technologiques et professionnels. <\/p>\n\n\n\n<p>Il s\u2019est d\u00e9roul\u00e9 au niveau du parcours de sant\u00e9 de Saint Paul. Arriv\u00e9s \u00e0 13h30, nos coureurs et coureuses sont all\u00e9s chercher leur dossard puis ont fait une reconnaissance du parcours. <\/p>\n\n\n\n<figure class=\"wp-block-image size-large\"><img loading=\"lazy\" decoding=\"async\" width=\"1024\" height=\"769\" src=\"https:\/\/etab.ac-reunion.fr\/lyc-saint-paul4\/wp-content\/uploads\/sites\/49\/2023\/11\/photo-de-groupe--1024x769.jpg\" alt=\"\" class=\"wp-image-4578\" srcset=\"https:\/\/etab.ac-reunion.fr\/lyc-saint-paul4\/wp-content\/uploads\/sites\/49\/2023\/11\/photo-de-groupe--1024x769.jpg 1024w, https:\/\/etab.ac-reunion.fr\/lyc-saint-paul4\/wp-content\/uploads\/sites\/49\/2023\/11\/photo-de-groupe--300x225.jpg 300w, https:\/\/etab.ac-reunion.fr\/lyc-saint-paul4\/wp-content\/uploads\/sites\/49\/2023\/11\/photo-de-groupe--768x577.jpg 768w, https:\/\/etab.ac-reunion.fr\/lyc-saint-paul4\/wp-content\/uploads\/sites\/49\/2023\/11\/photo-de-groupe--1536x1154.jpg 1536w, https:\/\/etab.ac-reunion.fr\/lyc-saint-paul4\/wp-content\/uploads\/sites\/49\/2023\/11\/photo-de-groupe--2048x1538.jpg 2048w\" sizes=\"auto, (max-width: 1024px) 100vw, 1024px\" \/><\/figure>\n\n\n\n<p>De notre lyc\u00e9e, ils \u00e9taient 8 : 6 gar\u00e7ons et 2 filles (Apolline, Emma, Romain, Lucien, Sullyvan, Noha, Titouan et Lionel). <\/p>\n\n\n\n<p>Les filles ont couru 2,5 km et les gar\u00e7on 4 km sous un soleil puissant. <\/p>\n\n\n\n<figure class=\"wp-block-gallery has-nested-images columns-default is-cropped wp-block-gallery-1 is-layout-flex wp-block-gallery-is-layout-flex\">\n<figure class=\"wp-block-image size-large\"><img loading=\"lazy\" decoding=\"async\" width=\"1024\" height=\"768\" data-id=\"4579\" src=\"https:\/\/etab.ac-reunion.fr\/lyc-saint-paul4\/wp-content\/uploads\/sites\/49\/2023\/11\/Lechauffement--1024x768.jpg\" alt=\"\" class=\"wp-image-4579\" srcset=\"https:\/\/etab.ac-reunion.fr\/lyc-saint-paul4\/wp-content\/uploads\/sites\/49\/2023\/11\/Lechauffement--1024x768.jpg 1024w, https:\/\/etab.ac-reunion.fr\/lyc-saint-paul4\/wp-content\/uploads\/sites\/49\/2023\/11\/Lechauffement--300x225.jpg 300w, https:\/\/etab.ac-reunion.fr\/lyc-saint-paul4\/wp-content\/uploads\/sites\/49\/2023\/11\/Lechauffement--768x576.jpg 768w, https:\/\/etab.ac-reunion.fr\/lyc-saint-paul4\/wp-content\/uploads\/sites\/49\/2023\/11\/Lechauffement--1536x1152.jpg 1536w, https:\/\/etab.ac-reunion.fr\/lyc-saint-paul4\/wp-content\/uploads\/sites\/49\/2023\/11\/Lechauffement--2048x1536.jpg 2048w\" sizes=\"auto, (max-width: 1024px) 100vw, 1024px\" \/><\/figure>\n\n\n\n<figure class=\"wp-block-image size-large\"><img loading=\"lazy\" decoding=\"async\" width=\"1024\" height=\"768\" data-id=\"4577\" src=\"https:\/\/etab.ac-reunion.fr\/lyc-saint-paul4\/wp-content\/uploads\/sites\/49\/2023\/11\/echauffement-personnalise-1024x768.jpg\" alt=\"\" class=\"wp-image-4577\" srcset=\"https:\/\/etab.ac-reunion.fr\/lyc-saint-paul4\/wp-content\/uploads\/sites\/49\/2023\/11\/echauffement-personnalise-1024x768.jpg 1024w, https:\/\/etab.ac-reunion.fr\/lyc-saint-paul4\/wp-content\/uploads\/sites\/49\/2023\/11\/echauffement-personnalise-300x225.jpg 300w, https:\/\/etab.ac-reunion.fr\/lyc-saint-paul4\/wp-content\/uploads\/sites\/49\/2023\/11\/echauffement-personnalise-768x576.jpg 768w, https:\/\/etab.ac-reunion.fr\/lyc-saint-paul4\/wp-content\/uploads\/sites\/49\/2023\/11\/echauffement-personnalise-1536x1152.jpg 1536w, https:\/\/etab.ac-reunion.fr\/lyc-saint-paul4\/wp-content\/uploads\/sites\/49\/2023\/11\/echauffement-personnalise-2048x1536.jpg 2048w\" sizes=\"auto, (max-width: 1024px) 100vw, 1024px\" \/><\/figure>\n<\/figure>\n\n\n\n<p>Beaucoup d\u2019organisation pour ce cross district, il y a certes les coureurs mais aussi de nombreux postes indispensables&nbsp;: poste logistique, poste ravitaillement, poste dossard, poste arriv\u00e9e\/d\u00e9part, poste animation, poste jeunes secouristes, serres fils et les speakers. <\/p>\n\n\n\n<p>Ce cross constitue un enjeu pour la plupart des coureurs, recherche de bons classements et de m\u00e9dailles tout en prenant du plaisir en partageant un moment ensemble. <\/p>\n\n\n\n<p>Emma a termin\u00e9 deuxi\u00e8me, elle a su tr\u00e8s bien g\u00e9rer sa course&nbsp;!<\/p>\n\n\n\n<figure class=\"wp-block-gallery has-nested-images columns-default is-cropped wp-block-gallery-2 is-layout-flex wp-block-gallery-is-layout-flex\">\n<figure class=\"wp-block-image size-large\"><img loading=\"lazy\" decoding=\"async\" width=\"768\" height=\"1024\" data-id=\"4581\" src=\"https:\/\/etab.ac-reunion.fr\/lyc-saint-paul4\/wp-content\/uploads\/sites\/49\/2023\/11\/poduim-fille-768x1024.jpg\" alt=\"\" class=\"wp-image-4581\" srcset=\"https:\/\/etab.ac-reunion.fr\/lyc-saint-paul4\/wp-content\/uploads\/sites\/49\/2023\/11\/poduim-fille-768x1024.jpg 768w, https:\/\/etab.ac-reunion.fr\/lyc-saint-paul4\/wp-content\/uploads\/sites\/49\/2023\/11\/poduim-fille-225x300.jpg 225w, https:\/\/etab.ac-reunion.fr\/lyc-saint-paul4\/wp-content\/uploads\/sites\/49\/2023\/11\/poduim-fille-1152x1536.jpg 1152w, https:\/\/etab.ac-reunion.fr\/lyc-saint-paul4\/wp-content\/uploads\/sites\/49\/2023\/11\/poduim-fille-1536x2048.jpg 1536w, https:\/\/etab.ac-reunion.fr\/lyc-saint-paul4\/wp-content\/uploads\/sites\/49\/2023\/11\/poduim-fille-scaled.jpg 1920w\" sizes=\"auto, (max-width: 768px) 100vw, 768px\" \/><\/figure>\n\n\n\n<figure class=\"wp-block-image size-large\"><img loading=\"lazy\" decoding=\"async\" width=\"768\" height=\"1024\" data-id=\"4580\" src=\"https:\/\/etab.ac-reunion.fr\/lyc-saint-paul4\/wp-content\/uploads\/sites\/49\/2023\/11\/MEDAILLES-768x1024.jpg\" alt=\"\" class=\"wp-image-4580\" srcset=\"https:\/\/etab.ac-reunion.fr\/lyc-saint-paul4\/wp-content\/uploads\/sites\/49\/2023\/11\/MEDAILLES-768x1024.jpg 768w, https:\/\/etab.ac-reunion.fr\/lyc-saint-paul4\/wp-content\/uploads\/sites\/49\/2023\/11\/MEDAILLES-225x300.jpg 225w, https:\/\/etab.ac-reunion.fr\/lyc-saint-paul4\/wp-content\/uploads\/sites\/49\/2023\/11\/MEDAILLES-1152x1536.jpg 1152w, https:\/\/etab.ac-reunion.fr\/lyc-saint-paul4\/wp-content\/uploads\/sites\/49\/2023\/11\/MEDAILLES-1536x2048.jpg 1536w, https:\/\/etab.ac-reunion.fr\/lyc-saint-paul4\/wp-content\/uploads\/sites\/49\/2023\/11\/MEDAILLES-scaled.jpg 1920w\" sizes=\"auto, (max-width: 768px) 100vw, 768px\" \/><\/figure>\n<\/figure>\n\n\n\n<figure class=\"wp-block-gallery has-nested-images columns-default is-cropped wp-block-gallery-3 is-layout-flex wp-block-gallery-is-layout-flex\">\n<figure class=\"wp-block-image size-large\"><img loading=\"lazy\" decoding=\"async\" width=\"1024\" height=\"768\" data-id=\"4583\" src=\"https:\/\/etab.ac-reunion.fr\/lyc-saint-paul4\/wp-content\/uploads\/sites\/49\/2023\/11\/poduim-gars-1024x768.jpg\" alt=\"\" class=\"wp-image-4583\" srcset=\"https:\/\/etab.ac-reunion.fr\/lyc-saint-paul4\/wp-content\/uploads\/sites\/49\/2023\/11\/poduim-gars-1024x768.jpg 1024w, https:\/\/etab.ac-reunion.fr\/lyc-saint-paul4\/wp-content\/uploads\/sites\/49\/2023\/11\/poduim-gars-300x225.jpg 300w, https:\/\/etab.ac-reunion.fr\/lyc-saint-paul4\/wp-content\/uploads\/sites\/49\/2023\/11\/poduim-gars-768x576.jpg 768w, https:\/\/etab.ac-reunion.fr\/lyc-saint-paul4\/wp-content\/uploads\/sites\/49\/2023\/11\/poduim-gars-1536x1152.jpg 1536w, https:\/\/etab.ac-reunion.fr\/lyc-saint-paul4\/wp-content\/uploads\/sites\/49\/2023\/11\/poduim-gars-2048x1536.jpg 2048w\" sizes=\"auto, (max-width: 1024px) 100vw, 1024px\" \/><\/figure>\n\n\n\n<figure class=\"wp-block-image size-large\"><img loading=\"lazy\" decoding=\"async\" width=\"1024\" height=\"768\" data-id=\"4582\" src=\"https:\/\/etab.ac-reunion.fr\/lyc-saint-paul4\/wp-content\/uploads\/sites\/49\/2023\/11\/Poduim-fille-2-1024x768.jpg\" alt=\"\" class=\"wp-image-4582\" srcset=\"https:\/\/etab.ac-reunion.fr\/lyc-saint-paul4\/wp-content\/uploads\/sites\/49\/2023\/11\/Poduim-fille-2-1024x768.jpg 1024w, https:\/\/etab.ac-reunion.fr\/lyc-saint-paul4\/wp-content\/uploads\/sites\/49\/2023\/11\/Poduim-fille-2-300x225.jpg 300w, https:\/\/etab.ac-reunion.fr\/lyc-saint-paul4\/wp-content\/uploads\/sites\/49\/2023\/11\/Poduim-fille-2-768x576.jpg 768w, https:\/\/etab.ac-reunion.fr\/lyc-saint-paul4\/wp-content\/uploads\/sites\/49\/2023\/11\/Poduim-fille-2-1536x1152.jpg 1536w, https:\/\/etab.ac-reunion.fr\/lyc-saint-paul4\/wp-content\/uploads\/sites\/49\/2023\/11\/Poduim-fille-2-2048x1536.jpg 2048w\" sizes=\"auto, (max-width: 1024px) 100vw, 1024px\" \/><\/figure>\n<\/figure>\n\n\n\n<p class=\"has-text-align-right\"><em>Compte rendu r\u00e9dig\u00e9 par Rosalie Lacroix, 1re D<\/em><\/p>\n","protected":false},"excerpt":{"rendered":"<p>Le cross District a eu lieu le Mercredi 8 Novembre 2023, il a rassembl\u00e9 beaucoup de lyc\u00e9es : g\u00e9n\u00e9raux, technologiques et professionnels. Il s\u2019est d\u00e9roul\u00e9 au niveau du parcours de sant\u00e9 de Saint Paul. Arriv\u00e9s \u00e0 13h30, nos coureurs et coureuses sont all\u00e9s chercher leur dossard puis ont fait une reconnaissance du parcours. De notre [&hellip;]<\/p>\n","protected":false},"author":15,"featured_media":0,"comment_status":"closed","ping_status":"closed","sticky":false,"template":"","format":"standard","meta":{"footnotes":""},"categories":[5],"tags":[115],"class_list":["post-4566","post","type-post","status-publish","format-standard","hentry","category-actualites-culturelles","tag-sport"],"_links":{"self":[{"href":"https:\/\/etab.ac-reunion.fr\/lyc-saint-paul4\/wp-json\/wp\/v2\/posts\/4566","targetHints":{"allow":["GET"]}}],"collection":[{"href":"https:\/\/etab.ac-reunion.fr\/lyc-saint-paul4\/wp-json\/wp\/v2\/posts"}],"about":[{"href":"https:\/\/etab.ac-reunion.fr\/lyc-saint-paul4\/wp-json\/wp\/v2\/types\/post"}],"author":[{"embeddable":true,"href":"https:\/\/etab.ac-reunion.fr\/lyc-saint-paul4\/wp-json\/wp\/v2\/users\/15"}],"replies":[{"embeddable":true,"href":"https:\/\/etab.ac-reunion.fr\/lyc-saint-paul4\/wp-json\/wp\/v2\/comments?post=4566"}],"version-history":[{"count":5,"href":"https:\/\/etab.ac-reunion.fr\/lyc-saint-paul4\/wp-json\/wp\/v2\/posts\/4566\/revisions"}],"predecessor-version":[{"id":4588,"href":"https:\/\/etab.ac-reunion.fr\/lyc-saint-paul4\/wp-json\/wp\/v2\/posts\/4566\/revisions\/4588"}],"wp:attachment":[{"href":"https:\/\/etab.ac-reunion.fr\/lyc-saint-paul4\/wp-json\/wp\/v2\/media?parent=4566"}],"wp:term":[{"taxonomy":"category","embeddable":true,"href":"https:\/\/etab.ac-reunion.fr\/lyc-saint-paul4\/wp-json\/wp\/v2\/categories?post=4566"},{"taxonomy":"post_tag","embeddable":true,"href":"https:\/\/etab.ac-reunion.fr\/lyc-saint-paul4\/wp-json\/wp\/v2\/tags?post=4566"}],"curies":[{"name":"wp","href":"https:\/\/api.w.org\/{rel}","templated":true}]}}