{"id":479,"date":"2015-04-30T07:08:55","date_gmt":"2015-04-30T04:08:55","guid":{"rendered":"http:\/\/lycee-stpaul4.ac-reunion.fr\/?p=479"},"modified":"2017-10-11T16:18:58","modified_gmt":"2017-10-11T13:18:58","slug":"rencontres-academiques-de-cinema","status":"publish","type":"post","link":"https:\/\/etab.ac-reunion.fr\/lyc-saint-paul4\/rencontres-academiques-de-cinema\/","title":{"rendered":"Rencontres acad\u00e9miques de cin\u00e9ma"},"content":{"rendered":"<p>Lundi 27 et mardi 28 avril 2015, \u00e0 Lespas Leconte de Lisle de Saint-Paul, les \u00e9l\u00e8ves de 1\u00e8re et de Tale du lyc\u00e9e en option cin\u00e9ma ont particip\u00e9 aux Rencontres Acad\u00e9miques de Cin\u00e9ma et d\u2019Audiovisuel, rencontres annuelles o\u00f9 les \u00e9l\u00e8ves des diff\u00e9rents lyc\u00e9es de l\u2019\u00eele peuvent ainsi montrer leurs derni\u00e8res r\u00e9alisations \u00e0 leurs camarades.<\/p>\n<p>La premi\u00e8re journ\u00e9e a \u00e9t\u00e9 inaugur\u00e9e en pr\u00e9sence de MM le Recteur d\u2019Acad\u00e9mie, l\u2019inspecteur de lettres et du D\u00e9l\u00e9gu\u00e9 Acad\u00e9mique aux Affaires culturelles ainsi que de Mme la d\u00e9l\u00e9gu\u00e9e \u00e0 la DAC-OI.<br \/>\nUne nouveaut\u00e9 cette ann\u00e9e : des ateliers d\u2019\u00e9criture et de r\u00e9alisation ont \u00e9t\u00e9 propos\u00e9s aux \u00e9l\u00e8ves volontaires.<br \/>\nUn grand merci \u00e0 MM Honvault Beno\u00eet et Ferat Benoist, organisateurs de ces deux belles journ\u00e9es d\u2019\u00e9change.<br \/>\nJP. Boucher<\/p>\n<p><a href=\"https:\/\/etab.ac-reunion.fr\/lyc-saint-paul4\/wp-content\/uploads\/sites\/49\/2015\/04\/cinema1.jpg\"><img loading=\"lazy\" decoding=\"async\" class=\"alignnone size-medium wp-image-480\" src=\"https:\/\/etab.ac-reunion.fr\/lyc-saint-paul4\/wp-content\/uploads\/sites\/49\/2015\/04\/cinema1-300x169.jpg\" alt=\"Rencontres acad\u00e9miques de cin\u00e9ma\" width=\"300\" height=\"169\" srcset=\"https:\/\/etab.ac-reunion.fr\/lyc-saint-paul4\/wp-content\/uploads\/sites\/49\/2015\/04\/cinema1-300x169.jpg 300w, https:\/\/etab.ac-reunion.fr\/lyc-saint-paul4\/wp-content\/uploads\/sites\/49\/2015\/04\/cinema1.jpg 1024w, https:\/\/etab.ac-reunion.fr\/lyc-saint-paul4\/wp-content\/uploads\/sites\/49\/2015\/04\/cinema1-95x54.jpg 95w\" sizes=\"auto, (max-width: 300px) 100vw, 300px\" \/><\/a><\/p>\n","protected":false},"excerpt":{"rendered":"<p>Lundi 27 et mardi 28 avril 2015, \u00e0 Lespas Leconte de Lisle de Saint-Paul, les \u00e9l\u00e8ves de 1\u00e8re et de Tale du lyc\u00e9e en option cin\u00e9ma ont particip\u00e9 aux Rencontres Acad\u00e9miques de Cin\u00e9ma et d\u2019Audiovisuel, rencontres annuelles o\u00f9 les \u00e9l\u00e8ves des diff\u00e9rents lyc\u00e9es de l\u2019\u00eele peuvent ainsi montrer leurs derni\u00e8res r\u00e9alisations \u00e0 leurs camarades. La [&hellip;]<\/p>\n","protected":false},"author":463,"featured_media":0,"comment_status":"closed","ping_status":"closed","sticky":false,"template":"","format":"standard","meta":{"footnotes":""},"categories":[5,94],"tags":[43,42],"class_list":["post-479","post","type-post","status-publish","format-standard","hentry","category-actualites-culturelles","category-option-cinema","tag-action-culturelle","tag-cinema"],"_links":{"self":[{"href":"https:\/\/etab.ac-reunion.fr\/lyc-saint-paul4\/wp-json\/wp\/v2\/posts\/479","targetHints":{"allow":["GET"]}}],"collection":[{"href":"https:\/\/etab.ac-reunion.fr\/lyc-saint-paul4\/wp-json\/wp\/v2\/posts"}],"about":[{"href":"https:\/\/etab.ac-reunion.fr\/lyc-saint-paul4\/wp-json\/wp\/v2\/types\/post"}],"author":[{"embeddable":true,"href":"https:\/\/etab.ac-reunion.fr\/lyc-saint-paul4\/wp-json\/wp\/v2\/users\/463"}],"replies":[{"embeddable":true,"href":"https:\/\/etab.ac-reunion.fr\/lyc-saint-paul4\/wp-json\/wp\/v2\/comments?post=479"}],"version-history":[{"count":2,"href":"https:\/\/etab.ac-reunion.fr\/lyc-saint-paul4\/wp-json\/wp\/v2\/posts\/479\/revisions"}],"predecessor-version":[{"id":482,"href":"https:\/\/etab.ac-reunion.fr\/lyc-saint-paul4\/wp-json\/wp\/v2\/posts\/479\/revisions\/482"}],"wp:attachment":[{"href":"https:\/\/etab.ac-reunion.fr\/lyc-saint-paul4\/wp-json\/wp\/v2\/media?parent=479"}],"wp:term":[{"taxonomy":"category","embeddable":true,"href":"https:\/\/etab.ac-reunion.fr\/lyc-saint-paul4\/wp-json\/wp\/v2\/categories?post=479"},{"taxonomy":"post_tag","embeddable":true,"href":"https:\/\/etab.ac-reunion.fr\/lyc-saint-paul4\/wp-json\/wp\/v2\/tags?post=479"}],"curies":[{"name":"wp","href":"https:\/\/api.w.org\/{rel}","templated":true}]}}