{"id":5139,"date":"2024-11-29T07:49:12","date_gmt":"2024-11-29T04:49:12","guid":{"rendered":"https:\/\/etab.ac-reunion.fr\/lyc-saint-paul4\/?p=5139"},"modified":"2025-05-23T07:39:16","modified_gmt":"2025-05-23T04:39:16","slug":"attention-concours-photo-la-renyon-toute-kouler-alon-kare-dann-lo-ker-nout-kiltir","status":"publish","type":"post","link":"https:\/\/etab.ac-reunion.fr\/lyc-saint-paul4\/attention-concours-photo-la-renyon-toute-kouler-alon-kare-dann-lo-ker-nout-kiltir\/","title":{"rendered":"Attention Concours Photo  !\u00a0\u00a0\u00bb La R\u00e9nyon toute koul\u00e8r\u00a0: alon bat kar\u00e9 dann lo k\u00e8r nout kiltir \u00ab\u00a0"},"content":{"rendered":"\n<blockquote class=\"wp-block-quote is-layout-flow wp-block-quote-is-layout-flow\">\n<p>Ouvert \u00e0 tous les lyc\u00e9ens, ce concourt d\u00e9marre <strong>samedi&nbsp;<\/strong><strong>30 novembre 2024 et se terminera le mardi 21 janvier 2025<\/strong>, dans le cadre de notre projet <strong>\u00ab la fresque itin\u00e9rante : pEnser plut\u00f4t que pAnser \u00bb<\/strong>.<\/p>\n<\/blockquote>\n\n\n\n<p><\/p>\n\n\n\n<p><\/p>\n\n\n\n<h3 class=\"wp-block-heading\">Quel th\u00e8me ? <\/h3>\n\n\n\n<p>Intitul\u00e9 <strong>\u00ab La R\u00e9nyon toute koul\u00e8r\u00a0: alon bat kar\u00e9 dann lo k\u00e8r nout kiltir<\/strong><strong> \u00bb<\/strong>, ce concours vous invite \u00e0 soumettre une photo illustrant toute la richesse culturelle m\u00e9tiss\u00e9e de La R\u00e9union, accompagn\u00e9e d\u2019une phrase de pr\u00e9sentation.<\/p>\n\n\n\n<p><\/p>\n\n\n\n<p><\/p>\n\n\n\n<h3 class=\"wp-block-heading\">Photographier Quoi  ?<\/h3>\n\n\n\n<p><strong>Capturez, <mark class=\"has-inline-color has-vivid-green-cyan-color\">en jouant avec le cadrage et les plans<\/mark>, ce qui repr\u00e9sente <mark class=\"has-inline-color has-vivid-green-cyan-color\">votre vision de la beaut\u00e9 et de l&rsquo;identit\u00e9 r\u00e9unionnaise<\/mark>.  <\/strong><\/p>\n\n\n\n<ul class=\"wp-block-list\">\n<li><strong>Ce peut-\u00eatre un objet ou un accessoire \u00ab\u00a0culturel\u00a0\u00bb de beaut\u00e9 ou un d\u00e9tail identitaire :<\/strong>\n<ul class=\"wp-block-list\">\n<li><strong>couleur ou motif typique d&rsquo;une communaut\u00e9 de la R\u00e9union : par exemple, un masque de beaut\u00e9, un henn\u00e9 sur les mains, une coiffure particuli\u00e8re, la fleur\/la dentelle sur la tenue d&rsquo;une danseuse r\u00e9unionnaise, un tressage sur un panier, un instrument, un outil, etc.<\/strong>..<\/li>\n<\/ul>\n<\/li>\n\n\n\n<li><strong>Montrez-nous ce qui \u00e9voque la culture r\u00e9unionnaise pour vous !<\/strong><\/li>\n<\/ul>\n\n\n\n<p><\/p>\n\n\n\n<p><\/p>\n\n\n\n<h3 class=\"wp-block-heading\">Comment participer ?<\/h3>\n\n\n\n<ul class=\"wp-block-list\">\n<li><strong>D\u00e9posez votre photo<\/strong> \u00e0 partir du 30 novembre sur Pronote, o\u00f9 vous trouverez \u00e9galement le r\u00e8glement du concours.<\/li>\n\n\n\n<li>Les photos s\u00e9lectionn\u00e9es seront expos\u00e9es dans le lyc\u00e9e et d\u2019autres lieux de la ville.<\/li>\n<\/ul>\n\n\n\n<p><\/p>\n\n\n\n<p><\/p>\n\n\n\n<p>Nous remercions le D\u00e9partement pour son soutien et attendons vos cr\u00e9ations avec impatience !<\/p>\n\n\n\n<p><\/p>\n\n\n\n<p><\/p>\n","protected":false},"excerpt":{"rendered":"<p>Ouvert \u00e0 tous les lyc\u00e9ens, ce concourt d\u00e9marre samedi&nbsp;30 novembre 2024 et se terminera le mardi 21 janvier 2025, dans le cadre de notre projet \u00ab la fresque itin\u00e9rante : pEnser plut\u00f4t que pAnser \u00bb. Quel th\u00e8me ? Intitul\u00e9 \u00ab La R\u00e9nyon toute koul\u00e8r\u00a0: alon bat kar\u00e9 dann lo k\u00e8r nout kiltir \u00bb, ce concours [&hellip;]<\/p>\n","protected":false},"author":37473,"featured_media":5141,"comment_status":"closed","ping_status":"closed","sticky":false,"template":"","format":"standard","meta":{"footnotes":""},"categories":[5],"tags":[43,46,11,35],"class_list":["post-5139","post","type-post","status-publish","format-standard","has-post-thumbnail","hentry","category-actualites-culturelles","tag-action-culturelle","tag-arts","tag-cdi-2","tag-projet"],"_links":{"self":[{"href":"https:\/\/etab.ac-reunion.fr\/lyc-saint-paul4\/wp-json\/wp\/v2\/posts\/5139","targetHints":{"allow":["GET"]}}],"collection":[{"href":"https:\/\/etab.ac-reunion.fr\/lyc-saint-paul4\/wp-json\/wp\/v2\/posts"}],"about":[{"href":"https:\/\/etab.ac-reunion.fr\/lyc-saint-paul4\/wp-json\/wp\/v2\/types\/post"}],"author":[{"embeddable":true,"href":"https:\/\/etab.ac-reunion.fr\/lyc-saint-paul4\/wp-json\/wp\/v2\/users\/37473"}],"replies":[{"embeddable":true,"href":"https:\/\/etab.ac-reunion.fr\/lyc-saint-paul4\/wp-json\/wp\/v2\/comments?post=5139"}],"version-history":[{"count":10,"href":"https:\/\/etab.ac-reunion.fr\/lyc-saint-paul4\/wp-json\/wp\/v2\/posts\/5139\/revisions"}],"predecessor-version":[{"id":5152,"href":"https:\/\/etab.ac-reunion.fr\/lyc-saint-paul4\/wp-json\/wp\/v2\/posts\/5139\/revisions\/5152"}],"wp:featuredmedia":[{"embeddable":true,"href":"https:\/\/etab.ac-reunion.fr\/lyc-saint-paul4\/wp-json\/wp\/v2\/media\/5141"}],"wp:attachment":[{"href":"https:\/\/etab.ac-reunion.fr\/lyc-saint-paul4\/wp-json\/wp\/v2\/media?parent=5139"}],"wp:term":[{"taxonomy":"category","embeddable":true,"href":"https:\/\/etab.ac-reunion.fr\/lyc-saint-paul4\/wp-json\/wp\/v2\/categories?post=5139"},{"taxonomy":"post_tag","embeddable":true,"href":"https:\/\/etab.ac-reunion.fr\/lyc-saint-paul4\/wp-json\/wp\/v2\/tags?post=5139"}],"curies":[{"name":"wp","href":"https:\/\/api.w.org\/{rel}","templated":true}]}}