{"id":5217,"date":"2024-12-17T14:41:32","date_gmt":"2024-12-17T11:41:32","guid":{"rendered":"https:\/\/etab.ac-reunion.fr\/lyc-saint-paul4\/?p=5217"},"modified":"2025-02-20T11:21:28","modified_gmt":"2025-02-20T08:21:28","slug":"un-seul-moyen-pour-faire-disparaitre-le-sida-et-les-ist-le-preservatif","status":"publish","type":"post","link":"https:\/\/etab.ac-reunion.fr\/lyc-saint-paul4\/un-seul-moyen-pour-faire-disparaitre-le-sida-et-les-ist-le-preservatif\/","title":{"rendered":"Un seul moyen pour faire dispara\u00eetre le SIDA et les IST : le pr\u00e9servatif"},"content":{"rendered":"\n<p>Dans le cadre de la <strong>promotion de l&rsquo;\u00e9galit\u00e9 filles-gar\u00e7ons (EAS)<\/strong> et de la <strong>lutte contre le SIDA et les IST<\/strong>, le lyc\u00e9e <strong>Paul Verg\u00e8s<\/strong> s&rsquo;engage dans une action de sensibilisation forte et percutante.<\/p>\n\n\n\n<p>Avec l&rsquo;implication de <strong>129 participants<\/strong> \u2013 \u00e9l\u00e8ves, \u00e9tudiants, enseignants, personnel non enseignant et repr\u00e9sentants de la direction \u2013 <strong>une vid\u00e9o de 1 minute<\/strong> a \u00e9t\u00e9 r\u00e9alis\u00e9e sous la coordination de <strong>Madame Sabrina Silvas<\/strong> et ses \u00e9l\u00e8ves de <strong>TST2S1 et 1ST2S3<\/strong>.<\/p>\n\n\n\n<p><strong>Un message fort, une image marquante<\/strong><\/p>\n\n\n\n<p>Le sc\u00e9nario repose sur un <strong>mur sur lequel le mot \u00ab\u00a0SIDA\u00a0\u00bb est form\u00e9 \u00e0 l\u2019aide de 449 pr\u00e9servatifs<\/strong>. Ce mur symbolise le poids de la maladie et des infections sexuellement transmissibles. <strong>Un seul moyen pour le faire dispara\u00eetre : le pr\u00e9servatif.<\/strong><\/p>\n\n\n\n<p><strong>Un engagement collectif<\/strong><\/p>\n\n\n\n<p>La prise de vues a eu lieu en <strong>d\u00e9cembre 2024<\/strong>, r\u00e9unissant toute la communaut\u00e9 \u00e9ducative dans un projet \u00e0 la fois p\u00e9dagogique et citoyen. Cet engagement illustre la n\u00e9cessit\u00e9 d\u2019une mobilisation commune pour promouvoir la pr\u00e9vention et briser les tabous autour de la sant\u00e9 sexuelle.<\/p>\n\n\n\n<p><strong>Objectifs de l\u2019action<\/strong><\/p>\n\n\n\n<p>\u2705 <strong>Sensibiliser<\/strong> les jeunes et adultes \u00e0 l&rsquo;importance de la protection lors des rapports sexuels<br>\u2705 <strong>Renforcer l\u2019image du pr\u00e9servatif<\/strong> comme un outil indispensable de pr\u00e9vention<br>\u2705 <strong>D\u00e9construire les tabous<\/strong> et encourager un dialogue ouvert sur la sant\u00e9 sexuelle<\/p>\n\n\n\n<p>Cette vid\u00e9o est un <strong>acte de pr\u00e9vention et d\u2019engagement<\/strong>, port\u00e9 par la communaut\u00e9 \u00e9ducative du lyc\u00e9e Paul Verg\u00e8s. Parce que <strong>se prot\u00e9ger, c&rsquo;est prot\u00e9ger l&rsquo;autre<\/strong>.<\/p>\n\n\n\n<blockquote class=\"wp-block-quote is-layout-flow wp-block-quote-is-layout-flow\">\n<p>A visionner sans mod\u00e9ration gr\u00e2ce au lien ci dessous :<br><a href=\"https:\/\/tube-sciences-technologies.apps.education.fr\/w\/rNaihUSBo2dUsJ1Gk3Msr8\">https:\/\/tube-sciences-technologies.apps.education.fr\/<\/a><\/p>\n<\/blockquote>\n\n\n\n<p><strong><em>#Pr\u00e9vention #Sant\u00e9Sexuelle #SIDA #IST #Protection #\u00c9ducationSexuelle #Lyc\u00e9ePaulVerg\u00e8s<\/em><\/strong><\/p>\n\n\n\n<p><\/p>\n","protected":false},"excerpt":{"rendered":"<p>Dans le cadre de la promotion de l&rsquo;\u00e9galit\u00e9 filles-gar\u00e7ons (EAS) et de la lutte contre le SIDA et les IST, le lyc\u00e9e Paul Verg\u00e8s s&rsquo;engage dans une action de sensibilisation forte et percutante. Avec l&rsquo;implication de 129 participants \u2013 \u00e9l\u00e8ves, \u00e9tudiants, enseignants, personnel non enseignant et repr\u00e9sentants de la direction \u2013 une vid\u00e9o de 1 [&hellip;]<\/p>\n","protected":false},"author":37473,"featured_media":5223,"comment_status":"closed","ping_status":"closed","sticky":false,"template":"","format":"standard","meta":{"footnotes":""},"categories":[112],"tags":[83,35],"class_list":["post-5217","post","type-post","status-publish","format-standard","has-post-thumbnail","hentry","category-informations-de-sante","tag-culture-scientifique","tag-projet"],"_links":{"self":[{"href":"https:\/\/etab.ac-reunion.fr\/lyc-saint-paul4\/wp-json\/wp\/v2\/posts\/5217","targetHints":{"allow":["GET"]}}],"collection":[{"href":"https:\/\/etab.ac-reunion.fr\/lyc-saint-paul4\/wp-json\/wp\/v2\/posts"}],"about":[{"href":"https:\/\/etab.ac-reunion.fr\/lyc-saint-paul4\/wp-json\/wp\/v2\/types\/post"}],"author":[{"embeddable":true,"href":"https:\/\/etab.ac-reunion.fr\/lyc-saint-paul4\/wp-json\/wp\/v2\/users\/37473"}],"replies":[{"embeddable":true,"href":"https:\/\/etab.ac-reunion.fr\/lyc-saint-paul4\/wp-json\/wp\/v2\/comments?post=5217"}],"version-history":[{"count":6,"href":"https:\/\/etab.ac-reunion.fr\/lyc-saint-paul4\/wp-json\/wp\/v2\/posts\/5217\/revisions"}],"predecessor-version":[{"id":5226,"href":"https:\/\/etab.ac-reunion.fr\/lyc-saint-paul4\/wp-json\/wp\/v2\/posts\/5217\/revisions\/5226"}],"wp:featuredmedia":[{"embeddable":true,"href":"https:\/\/etab.ac-reunion.fr\/lyc-saint-paul4\/wp-json\/wp\/v2\/media\/5223"}],"wp:attachment":[{"href":"https:\/\/etab.ac-reunion.fr\/lyc-saint-paul4\/wp-json\/wp\/v2\/media?parent=5217"}],"wp:term":[{"taxonomy":"category","embeddable":true,"href":"https:\/\/etab.ac-reunion.fr\/lyc-saint-paul4\/wp-json\/wp\/v2\/categories?post=5217"},{"taxonomy":"post_tag","embeddable":true,"href":"https:\/\/etab.ac-reunion.fr\/lyc-saint-paul4\/wp-json\/wp\/v2\/tags?post=5217"}],"curies":[{"name":"wp","href":"https:\/\/api.w.org\/{rel}","templated":true}]}}