{"id":5287,"date":"2025-02-03T06:52:32","date_gmt":"2025-02-03T03:52:32","guid":{"rendered":"https:\/\/etab.ac-reunion.fr\/lyc-saint-paul4\/?p=5287"},"modified":"2025-05-23T07:38:14","modified_gmt":"2025-05-23T04:38:14","slug":"une-fresque-des-biotechnologies-au-lycee","status":"publish","type":"post","link":"https:\/\/etab.ac-reunion.fr\/lyc-saint-paul4\/une-fresque-des-biotechnologies-au-lycee\/","title":{"rendered":"Une \u00ab\u00a0Fresque des Biotechnologies\u00a0\u00bb au Lyc\u00e9e"},"content":{"rendered":"\n<p class=\"has-text-align-left\">Dans le but de promouvoir la fili\u00e8re Sciences et Technologies du Laboratoire (STL) au lyc\u00e9e Paul Verg\u00e8s, nous avons choisi de r\u00e9aliser une fresque murale et de repr\u00e9senter sur 5 colonnes, les 5 couleurs des biotechnologies relatives aux diff\u00e9rents domaines d&rsquo;application. \u00c0 savoir, rouge pour la sant\u00e9, bleu pour le monde marin, blanc pour les industries, vert pour l&rsquo;agroalimentaire et jaune pour l&rsquo;environnement.<br><br>\ud83d\udd34 \ud83d\udd35 \u26aa \ud83d\udfe2 \ud83d\udfe1<br><br>Il s&rsquo;agit d&rsquo;un projet de p\u00e9dagogie innovante que men\u00e9 en collaboration avec \u00ab\u00a0mhiquet cr\u00e9ation\u00a0\u00bb.<br>Il a \u00e9t\u00e9 r\u00e9alis\u00e9 gr\u00e2ce au financement du Pass Culture et au soutien de la direction de l&rsquo;\u00e9tablissement.<\/p>\n\n\n\n<figure class=\"wp-block-image size-large\"><img loading=\"lazy\" decoding=\"async\" width=\"1024\" height=\"461\" src=\"https:\/\/etab.ac-reunion.fr\/lyc-saint-paul4\/wp-content\/uploads\/sites\/49\/2025\/04\/20250219_171722-1024x461.jpg\" alt=\"\" class=\"wp-image-5291\" srcset=\"https:\/\/etab.ac-reunion.fr\/lyc-saint-paul4\/wp-content\/uploads\/sites\/49\/2025\/04\/20250219_171722-1024x461.jpg 1024w, https:\/\/etab.ac-reunion.fr\/lyc-saint-paul4\/wp-content\/uploads\/sites\/49\/2025\/04\/20250219_171722-300x135.jpg 300w, https:\/\/etab.ac-reunion.fr\/lyc-saint-paul4\/wp-content\/uploads\/sites\/49\/2025\/04\/20250219_171722-768x346.jpg 768w, https:\/\/etab.ac-reunion.fr\/lyc-saint-paul4\/wp-content\/uploads\/sites\/49\/2025\/04\/20250219_171722-1536x691.jpg 1536w, https:\/\/etab.ac-reunion.fr\/lyc-saint-paul4\/wp-content\/uploads\/sites\/49\/2025\/04\/20250219_171722-2048x922.jpg 2048w\" sizes=\"auto, (max-width: 1024px) 100vw, 1024px\" \/><\/figure>\n\n\n\n<figure class=\"wp-block-image size-large\"><img loading=\"lazy\" decoding=\"async\" width=\"1024\" height=\"461\" src=\"https:\/\/etab.ac-reunion.fr\/lyc-saint-paul4\/wp-content\/uploads\/sites\/49\/2025\/04\/20250219_171503-1024x461.jpg\" alt=\"\" class=\"wp-image-5290\" srcset=\"https:\/\/etab.ac-reunion.fr\/lyc-saint-paul4\/wp-content\/uploads\/sites\/49\/2025\/04\/20250219_171503-1024x461.jpg 1024w, https:\/\/etab.ac-reunion.fr\/lyc-saint-paul4\/wp-content\/uploads\/sites\/49\/2025\/04\/20250219_171503-300x135.jpg 300w, https:\/\/etab.ac-reunion.fr\/lyc-saint-paul4\/wp-content\/uploads\/sites\/49\/2025\/04\/20250219_171503-768x346.jpg 768w, https:\/\/etab.ac-reunion.fr\/lyc-saint-paul4\/wp-content\/uploads\/sites\/49\/2025\/04\/20250219_171503-1536x691.jpg 1536w, https:\/\/etab.ac-reunion.fr\/lyc-saint-paul4\/wp-content\/uploads\/sites\/49\/2025\/04\/20250219_171503-2048x922.jpg 2048w\" sizes=\"auto, (max-width: 1024px) 100vw, 1024px\" \/><\/figure>\n\n\n\n<p class=\"has-text-align-left\">Sa mise en \u0153uvre, depuis la r\u00e9flexion autour de sa cr\u00e9ation jusqu&rsquo;\u00e0 son ach\u00e8vement, a permis de d\u00e9velopper chez les jeunes de notre lyc\u00e9e des comp\u00e9tences transversales et psychosociales qui leur seront de grande utilit\u00e9 dans le futur.<\/p>\n\n\n\n<p class=\"has-text-align-left\">Et en bonus elle vient embellir l&rsquo;enceinte du lyc\u00e9e !!! \ud83d\ude0d<\/p>\n\n\n\n<p class=\"has-text-align-left\">Si vous voulez voir le processus de cr\u00e9ation rdv ici (plus sympa avec le son \ud83d\udd0a)&nbsp;<\/p>\n\n\n\n<p>\u27a1\ufe0f<a href=\"https:\/\/www.instagram.com\/p\/DG8xT7buIad\/\">https:\/\/www.instagram.com\/p\/DG8xT7buIad\/<\/a><\/p>\n\n\n\n<p>\u27a1\ufe0f<a href=\"https:\/\/tube-arts-lettres-sciences-humaines.apps.education.fr\/w\/rydog4YvAG844KVM8boSKn\">https:\/\/tube-arts-lettres-sciences-humaines.apps.education.fr\/w\/rydog4YvAG844KVM8boSKn<\/a><br><br>J&rsquo;esp\u00e8re que vous appr\u00e9cierez le travail qui a \u00e9t\u00e9 r\u00e9alis\u00e9 avec beaucoup de plaisir et d&rsquo;entrain \ud83c\udfa8<\/p>\n\n\n\n<p class=\"has-text-align-right\">Article <em>r\u00e9dig\u00e9 par Mme C\u00e9lia Lopez<\/em>, professeur BGB<\/p>\n\n\n\n<p class=\"has-text-align-center\">***<\/p>\n\n\n\n<p>Pour en savoir plus sur <strong>Mhiquet Cr\u00e9ations<\/strong> et <strong>Kolorali Scolaires <\/strong>: <a href=\"https:\/\/etab.ac-reunion.fr\/lyc-saint-paul4\/wp-content\/uploads\/sites\/49\/2025\/04\/Presentation-kolorali-scolaires.pdf\">https:\/\/etab.ac-reunion.fr\/lyc-saint-paul4\/wp-content\/uploads\/sites\/49\/2025\/04\/Presentation-kolorali-scolaires.pdf<\/a><\/p>\n\n\n\n<p><\/p>\n","protected":false},"excerpt":{"rendered":"<p>Dans le but de promouvoir la fili\u00e8re Sciences et Technologies du Laboratoire (STL) au lyc\u00e9e Paul Verg\u00e8s, nous avons choisi de r\u00e9aliser une fresque murale et de repr\u00e9senter sur 5 colonnes, les 5 couleurs des biotechnologies relatives aux diff\u00e9rents domaines d&rsquo;application. \u00c0 savoir, rouge pour la sant\u00e9, bleu pour le monde marin, blanc pour les [&hellip;]<\/p>\n","protected":false},"author":37473,"featured_media":0,"comment_status":"closed","ping_status":"closed","sticky":false,"template":"","format":"standard","meta":{"footnotes":""},"categories":[5],"tags":[27,17,35,26],"class_list":["post-5287","post","type-post","status-publish","format-standard","hentry","category-actualites-culturelles","tag-biotechnologies","tag-bts","tag-projet","tag-stl"],"_links":{"self":[{"href":"https:\/\/etab.ac-reunion.fr\/lyc-saint-paul4\/wp-json\/wp\/v2\/posts\/5287","targetHints":{"allow":["GET"]}}],"collection":[{"href":"https:\/\/etab.ac-reunion.fr\/lyc-saint-paul4\/wp-json\/wp\/v2\/posts"}],"about":[{"href":"https:\/\/etab.ac-reunion.fr\/lyc-saint-paul4\/wp-json\/wp\/v2\/types\/post"}],"author":[{"embeddable":true,"href":"https:\/\/etab.ac-reunion.fr\/lyc-saint-paul4\/wp-json\/wp\/v2\/users\/37473"}],"replies":[{"embeddable":true,"href":"https:\/\/etab.ac-reunion.fr\/lyc-saint-paul4\/wp-json\/wp\/v2\/comments?post=5287"}],"version-history":[{"count":9,"href":"https:\/\/etab.ac-reunion.fr\/lyc-saint-paul4\/wp-json\/wp\/v2\/posts\/5287\/revisions"}],"predecessor-version":[{"id":5331,"href":"https:\/\/etab.ac-reunion.fr\/lyc-saint-paul4\/wp-json\/wp\/v2\/posts\/5287\/revisions\/5331"}],"wp:attachment":[{"href":"https:\/\/etab.ac-reunion.fr\/lyc-saint-paul4\/wp-json\/wp\/v2\/media?parent=5287"}],"wp:term":[{"taxonomy":"category","embeddable":true,"href":"https:\/\/etab.ac-reunion.fr\/lyc-saint-paul4\/wp-json\/wp\/v2\/categories?post=5287"},{"taxonomy":"post_tag","embeddable":true,"href":"https:\/\/etab.ac-reunion.fr\/lyc-saint-paul4\/wp-json\/wp\/v2\/tags?post=5287"}],"curies":[{"name":"wp","href":"https:\/\/api.w.org\/{rel}","templated":true}]}}