{"id":5369,"date":"2025-05-22T07:27:53","date_gmt":"2025-05-22T04:27:53","guid":{"rendered":"https:\/\/etab.ac-reunion.fr\/lyc-saint-paul4\/?p=5369"},"modified":"2025-05-23T08:06:46","modified_gmt":"2025-05-23T05:06:46","slug":"les-activites-de-loption-latin-et-de-loption-cinema-sexposent-au-cdi","status":"publish","type":"post","link":"https:\/\/etab.ac-reunion.fr\/lyc-saint-paul4\/les-activites-de-loption-latin-et-de-loption-cinema-sexposent-au-cdi\/","title":{"rendered":"Les activit\u00e9s de l&rsquo;Option Latin et de l&rsquo;option Cin\u00e9ma s&rsquo;exposent au CDI"},"content":{"rendered":"\n<figure class=\"wp-block-image size-large\"><img loading=\"lazy\" decoding=\"async\" width=\"1024\" height=\"579\" src=\"https:\/\/etab.ac-reunion.fr\/lyc-saint-paul4\/wp-content\/uploads\/sites\/49\/2025\/05\/AFFICHE-Expo-1024x579.jpg\" alt=\"\" class=\"wp-image-5372\" srcset=\"https:\/\/etab.ac-reunion.fr\/lyc-saint-paul4\/wp-content\/uploads\/sites\/49\/2025\/05\/AFFICHE-Expo-1024x579.jpg 1024w, https:\/\/etab.ac-reunion.fr\/lyc-saint-paul4\/wp-content\/uploads\/sites\/49\/2025\/05\/AFFICHE-Expo-300x170.jpg 300w, https:\/\/etab.ac-reunion.fr\/lyc-saint-paul4\/wp-content\/uploads\/sites\/49\/2025\/05\/AFFICHE-Expo-768x434.jpg 768w, https:\/\/etab.ac-reunion.fr\/lyc-saint-paul4\/wp-content\/uploads\/sites\/49\/2025\/05\/AFFICHE-Expo-95x54.jpg 95w, https:\/\/etab.ac-reunion.fr\/lyc-saint-paul4\/wp-content\/uploads\/sites\/49\/2025\/05\/AFFICHE-Expo.jpg 1502w\" sizes=\"auto, (max-width: 1024px) 100vw, 1024px\" \/><\/figure>\n\n\n\n<p>Dans le cadre de l&rsquo;accueil jeudi 22\/05\/2025 des \u00e9l\u00e8ves latinistes du coll\u00e8ge Jules Solesse, une pr\u00e9sentation des enseignements optionnels \u00ab\u00a0Langue latine\u00a0\u00bb et \u00ab\u00a0Cin\u00e9ma-Audiovisuel\u00a0\u00bb a \u00e9t\u00e9 organis\u00e9e au CDI. \u00c9l\u00e8ves du coll\u00e8ges et du lyc\u00e9es ont pu \u00e9changer ensemble pendant 2 heures, en compagnie de leurs professeurs.<\/p>\n\n\n\n<p>Cet affichage restera en place toute la semaine : venez nombreux le d\u00e9couvrir !<\/p>\n\n\n\n<figure class=\"wp-block-gallery has-nested-images columns-default is-cropped wp-block-gallery-1 is-layout-flex wp-block-gallery-is-layout-flex\">\n<figure class=\"wp-block-image size-large\"><img loading=\"lazy\" decoding=\"async\" width=\"768\" height=\"1024\" data-id=\"5370\" src=\"https:\/\/etab.ac-reunion.fr\/lyc-saint-paul4\/wp-content\/uploads\/sites\/49\/2025\/05\/IMG_20250522_095346-768x1024.png\" alt=\"\" class=\"wp-image-5370\" srcset=\"https:\/\/etab.ac-reunion.fr\/lyc-saint-paul4\/wp-content\/uploads\/sites\/49\/2025\/05\/IMG_20250522_095346-768x1024.png 768w, https:\/\/etab.ac-reunion.fr\/lyc-saint-paul4\/wp-content\/uploads\/sites\/49\/2025\/05\/IMG_20250522_095346-225x300.png 225w, https:\/\/etab.ac-reunion.fr\/lyc-saint-paul4\/wp-content\/uploads\/sites\/49\/2025\/05\/IMG_20250522_095346.png 960w\" sizes=\"auto, (max-width: 768px) 100vw, 768px\" \/><\/figure>\n\n\n\n<figure class=\"wp-block-image size-large\"><img loading=\"lazy\" decoding=\"async\" width=\"768\" height=\"1024\" data-id=\"5371\" src=\"https:\/\/etab.ac-reunion.fr\/lyc-saint-paul4\/wp-content\/uploads\/sites\/49\/2025\/05\/IMG_20250522_095407-768x1024.png\" alt=\"\" class=\"wp-image-5371\" srcset=\"https:\/\/etab.ac-reunion.fr\/lyc-saint-paul4\/wp-content\/uploads\/sites\/49\/2025\/05\/IMG_20250522_095407-768x1024.png 768w, https:\/\/etab.ac-reunion.fr\/lyc-saint-paul4\/wp-content\/uploads\/sites\/49\/2025\/05\/IMG_20250522_095407-225x300.png 225w, https:\/\/etab.ac-reunion.fr\/lyc-saint-paul4\/wp-content\/uploads\/sites\/49\/2025\/05\/IMG_20250522_095407.png 960w\" sizes=\"auto, (max-width: 768px) 100vw, 768px\" \/><\/figure>\n<\/figure>\n","protected":false},"excerpt":{"rendered":"<p>Dans le cadre de l&rsquo;accueil jeudi 22\/05\/2025 des \u00e9l\u00e8ves latinistes du coll\u00e8ge Jules Solesse, une pr\u00e9sentation des enseignements optionnels \u00ab\u00a0Langue latine\u00a0\u00bb et \u00ab\u00a0Cin\u00e9ma-Audiovisuel\u00a0\u00bb a \u00e9t\u00e9 organis\u00e9e au CDI. \u00c9l\u00e8ves du coll\u00e8ges et du lyc\u00e9es ont pu \u00e9changer ensemble pendant 2 heures, en compagnie de leurs professeurs. Cet affichage restera en place toute la semaine : [&hellip;]<\/p>\n","protected":false},"author":37473,"featured_media":5372,"comment_status":"closed","ping_status":"closed","sticky":false,"template":"","format":"standard","meta":{"footnotes":""},"categories":[5],"tags":[43,11,42],"class_list":["post-5369","post","type-post","status-publish","format-standard","has-post-thumbnail","hentry","category-actualites-culturelles","tag-action-culturelle","tag-cdi-2","tag-cinema"],"_links":{"self":[{"href":"https:\/\/etab.ac-reunion.fr\/lyc-saint-paul4\/wp-json\/wp\/v2\/posts\/5369","targetHints":{"allow":["GET"]}}],"collection":[{"href":"https:\/\/etab.ac-reunion.fr\/lyc-saint-paul4\/wp-json\/wp\/v2\/posts"}],"about":[{"href":"https:\/\/etab.ac-reunion.fr\/lyc-saint-paul4\/wp-json\/wp\/v2\/types\/post"}],"author":[{"embeddable":true,"href":"https:\/\/etab.ac-reunion.fr\/lyc-saint-paul4\/wp-json\/wp\/v2\/users\/37473"}],"replies":[{"embeddable":true,"href":"https:\/\/etab.ac-reunion.fr\/lyc-saint-paul4\/wp-json\/wp\/v2\/comments?post=5369"}],"version-history":[{"count":3,"href":"https:\/\/etab.ac-reunion.fr\/lyc-saint-paul4\/wp-json\/wp\/v2\/posts\/5369\/revisions"}],"predecessor-version":[{"id":5376,"href":"https:\/\/etab.ac-reunion.fr\/lyc-saint-paul4\/wp-json\/wp\/v2\/posts\/5369\/revisions\/5376"}],"wp:featuredmedia":[{"embeddable":true,"href":"https:\/\/etab.ac-reunion.fr\/lyc-saint-paul4\/wp-json\/wp\/v2\/media\/5372"}],"wp:attachment":[{"href":"https:\/\/etab.ac-reunion.fr\/lyc-saint-paul4\/wp-json\/wp\/v2\/media?parent=5369"}],"wp:term":[{"taxonomy":"category","embeddable":true,"href":"https:\/\/etab.ac-reunion.fr\/lyc-saint-paul4\/wp-json\/wp\/v2\/categories?post=5369"},{"taxonomy":"post_tag","embeddable":true,"href":"https:\/\/etab.ac-reunion.fr\/lyc-saint-paul4\/wp-json\/wp\/v2\/tags?post=5369"}],"curies":[{"name":"wp","href":"https:\/\/api.w.org\/{rel}","templated":true}]}}