{"id":5537,"date":"2025-11-21T07:08:32","date_gmt":"2025-11-21T04:08:32","guid":{"rendered":"https:\/\/etab.ac-reunion.fr\/lyc-saint-paul4\/?p=5537"},"modified":"2025-12-16T09:20:06","modified_gmt":"2025-12-16T06:20:06","slug":"retour-sur-le-salon-agrofertiles","status":"publish","type":"post","link":"https:\/\/etab.ac-reunion.fr\/lyc-saint-paul4\/retour-sur-le-salon-agrofertiles\/","title":{"rendered":"Retour sur le Salon Agrofert\u2019\u00eeles"},"content":{"rendered":"\n<p>Le jeudi 20 novembre 2025, les \u00e9l\u00e8ves du lyc\u00e9e Paul Verg\u00e8s ont eu la chance de participer \u00e0 plusieurs ateliers enrichissants propos\u00e9s au lyc\u00e9e agricole de Saint-Paul lors du salon Agrofert\u2019\u00eeles Junior V\u00e9g\u00e9tal &amp; Canne. Un \u00e9v\u00e9nement incontournable pour d\u00e9couvrir les fili\u00e8res v\u00e9g\u00e9tales.<\/p>\n\n\n\n<p>Les secondes PIPAC (Production en Industries Pharmaceutiques, Alimentaires et Cosm\u00e9tiques) ont explor\u00e9 des stands captivants et approfondi leurs connaissances sur des th\u00e9matiques passionnantes, telles que l\u2019origine des plantes end\u00e9miques, le riz pays, les fraisiers, les engrais, le biocontr\u00f4le, ainsi que les plantes aromatiques et m\u00e9dicinales.<\/p>\n\n\n\n<figure class=\"wp-block-image size-large\"><img loading=\"lazy\" decoding=\"async\" width=\"724\" height=\"1024\" src=\"https:\/\/etab.ac-reunion.fr\/lyc-saint-paul4\/wp-content\/uploads\/sites\/49\/2025\/11\/1-724x1024.jpg\" alt=\"\" class=\"wp-image-5538\" srcset=\"https:\/\/etab.ac-reunion.fr\/lyc-saint-paul4\/wp-content\/uploads\/sites\/49\/2025\/11\/1-724x1024.jpg 724w, https:\/\/etab.ac-reunion.fr\/lyc-saint-paul4\/wp-content\/uploads\/sites\/49\/2025\/11\/1-212x300.jpg 212w, https:\/\/etab.ac-reunion.fr\/lyc-saint-paul4\/wp-content\/uploads\/sites\/49\/2025\/11\/1-768x1086.jpg 768w, https:\/\/etab.ac-reunion.fr\/lyc-saint-paul4\/wp-content\/uploads\/sites\/49\/2025\/11\/1-1086x1536.jpg 1086w, https:\/\/etab.ac-reunion.fr\/lyc-saint-paul4\/wp-content\/uploads\/sites\/49\/2025\/11\/1-1448x2048.jpg 1448w, https:\/\/etab.ac-reunion.fr\/lyc-saint-paul4\/wp-content\/uploads\/sites\/49\/2025\/11\/1.jpg 1587w\" sizes=\"auto, (max-width: 724px) 100vw, 724px\" \/><\/figure>\n\n\n\n<p>Cette journ\u00e9e a \u00e9t\u00e9 une v\u00e9ritable occasion d\u2019apprentissage et d\u2019\u00e9changes, mettant en lumi\u00e8re leur r\u00f4les de futurs professionnels dans les secteurs de l\u2019agroalimentaire, de la cosm\u00e9tique et de la pharmacie. Un immense merci \u00e0 tous les partenaires qui ont organis\u00e9 cet \u00e9v\u00e9nement et qui ont permis \u00e0 nos \u00e9l\u00e8ves d&rsquo;y participer.<\/p>\n\n\n\n<figure class=\"wp-block-image size-large\"><img loading=\"lazy\" decoding=\"async\" width=\"724\" height=\"1024\" src=\"https:\/\/etab.ac-reunion.fr\/lyc-saint-paul4\/wp-content\/uploads\/sites\/49\/2025\/11\/2-724x1024.jpg\" alt=\"\" class=\"wp-image-5539\" srcset=\"https:\/\/etab.ac-reunion.fr\/lyc-saint-paul4\/wp-content\/uploads\/sites\/49\/2025\/11\/2-724x1024.jpg 724w, https:\/\/etab.ac-reunion.fr\/lyc-saint-paul4\/wp-content\/uploads\/sites\/49\/2025\/11\/2-212x300.jpg 212w, https:\/\/etab.ac-reunion.fr\/lyc-saint-paul4\/wp-content\/uploads\/sites\/49\/2025\/11\/2-768x1086.jpg 768w, https:\/\/etab.ac-reunion.fr\/lyc-saint-paul4\/wp-content\/uploads\/sites\/49\/2025\/11\/2-1086x1536.jpg 1086w, https:\/\/etab.ac-reunion.fr\/lyc-saint-paul4\/wp-content\/uploads\/sites\/49\/2025\/11\/2-1448x2048.jpg 1448w, https:\/\/etab.ac-reunion.fr\/lyc-saint-paul4\/wp-content\/uploads\/sites\/49\/2025\/11\/2.jpg 1587w\" sizes=\"auto, (max-width: 724px) 100vw, 724px\" \/><\/figure>\n","protected":false},"excerpt":{"rendered":"<p>Le jeudi 20 novembre 2025, les \u00e9l\u00e8ves du lyc\u00e9e Paul Verg\u00e8s ont eu la chance de participer \u00e0 plusieurs ateliers enrichissants propos\u00e9s au lyc\u00e9e agricole de Saint-Paul lors du salon Agrofert\u2019\u00eeles Junior V\u00e9g\u00e9tal &amp; Canne. Un \u00e9v\u00e9nement incontournable pour d\u00e9couvrir les fili\u00e8res v\u00e9g\u00e9tales. Les secondes PIPAC (Production en Industries Pharmaceutiques, Alimentaires et Cosm\u00e9tiques) ont explor\u00e9 [&hellip;]<\/p>\n","protected":false},"author":37473,"featured_media":5538,"comment_status":"closed","ping_status":"closed","sticky":false,"template":"","format":"standard","meta":{"footnotes":""},"categories":[2],"tags":[129,83,37,113,127,35,90],"class_list":["post-5537","post","type-post","status-publish","format-standard","has-post-thumbnail","hentry","category-actualites","tag-alimentaires-et-cosmetiques-pipac","tag-culture-scientifique","tag-enseignement-professionnel-2","tag-parcours-avenir","tag-production-en-industries-pharmaceutiques","tag-projet","tag-sortie-scolaire"],"_links":{"self":[{"href":"https:\/\/etab.ac-reunion.fr\/lyc-saint-paul4\/wp-json\/wp\/v2\/posts\/5537","targetHints":{"allow":["GET"]}}],"collection":[{"href":"https:\/\/etab.ac-reunion.fr\/lyc-saint-paul4\/wp-json\/wp\/v2\/posts"}],"about":[{"href":"https:\/\/etab.ac-reunion.fr\/lyc-saint-paul4\/wp-json\/wp\/v2\/types\/post"}],"author":[{"embeddable":true,"href":"https:\/\/etab.ac-reunion.fr\/lyc-saint-paul4\/wp-json\/wp\/v2\/users\/37473"}],"replies":[{"embeddable":true,"href":"https:\/\/etab.ac-reunion.fr\/lyc-saint-paul4\/wp-json\/wp\/v2\/comments?post=5537"}],"version-history":[{"count":2,"href":"https:\/\/etab.ac-reunion.fr\/lyc-saint-paul4\/wp-json\/wp\/v2\/posts\/5537\/revisions"}],"predecessor-version":[{"id":5548,"href":"https:\/\/etab.ac-reunion.fr\/lyc-saint-paul4\/wp-json\/wp\/v2\/posts\/5537\/revisions\/5548"}],"wp:featuredmedia":[{"embeddable":true,"href":"https:\/\/etab.ac-reunion.fr\/lyc-saint-paul4\/wp-json\/wp\/v2\/media\/5538"}],"wp:attachment":[{"href":"https:\/\/etab.ac-reunion.fr\/lyc-saint-paul4\/wp-json\/wp\/v2\/media?parent=5537"}],"wp:term":[{"taxonomy":"category","embeddable":true,"href":"https:\/\/etab.ac-reunion.fr\/lyc-saint-paul4\/wp-json\/wp\/v2\/categories?post=5537"},{"taxonomy":"post_tag","embeddable":true,"href":"https:\/\/etab.ac-reunion.fr\/lyc-saint-paul4\/wp-json\/wp\/v2\/tags?post=5537"}],"curies":[{"name":"wp","href":"https:\/\/api.w.org\/{rel}","templated":true}]}}