{"id":5580,"date":"2025-12-12T13:53:24","date_gmt":"2025-12-12T10:53:24","guid":{"rendered":"https:\/\/etab.ac-reunion.fr\/lyc-saint-paul4\/?p=5580"},"modified":"2025-12-18T06:51:51","modified_gmt":"2025-12-18T03:51:51","slug":"fresque-st2s-un-projet-artistique-scientifique-et-citoyen-au-lycee-paul-verges","status":"publish","type":"post","link":"https:\/\/etab.ac-reunion.fr\/lyc-saint-paul4\/fresque-st2s-un-projet-artistique-scientifique-et-citoyen-au-lycee-paul-verges\/","title":{"rendered":"Fresque ST2S : un projet artistique, scientifique et citoyen au Lyc\u00e9e Paul Verg\u00e8s"},"content":{"rendered":"\n<p>Le Lyc\u00e9e Paul Verg\u00e8s de la Plaine Saint-Paul poursuit sa dynamique d\u2019ouverture culturelle et d\u2019expression artistique avec la cr\u00e9ation d\u2019une fresque murale ST2S, en partenariat avec Mhiquet Cr\u00e9ations et financ\u00e9e par le lyc\u00e9e et le Conseil R\u00e9gional. Cette \u0153uvre collective a \u00e9t\u00e9 inaugur\u00e9e lors du Forum Sant\u00e9-Social, organis\u00e9 le 11 d\u00e9cembre.<\/p>\n\n\n\n<figure class=\"wp-block-image size-large\"><img loading=\"lazy\" decoding=\"async\" width=\"1024\" height=\"377\" src=\"https:\/\/etab.ac-reunion.fr\/lyc-saint-paul4\/wp-content\/uploads\/sites\/49\/2025\/12\/IMG_7990-1024x377.jpeg\" alt=\"\" class=\"wp-image-5593\" srcset=\"https:\/\/etab.ac-reunion.fr\/lyc-saint-paul4\/wp-content\/uploads\/sites\/49\/2025\/12\/IMG_7990-1024x377.jpeg 1024w, https:\/\/etab.ac-reunion.fr\/lyc-saint-paul4\/wp-content\/uploads\/sites\/49\/2025\/12\/IMG_7990-300x110.jpeg 300w, https:\/\/etab.ac-reunion.fr\/lyc-saint-paul4\/wp-content\/uploads\/sites\/49\/2025\/12\/IMG_7990-768x283.jpeg 768w, https:\/\/etab.ac-reunion.fr\/lyc-saint-paul4\/wp-content\/uploads\/sites\/49\/2025\/12\/IMG_7990-1536x566.jpeg 1536w, https:\/\/etab.ac-reunion.fr\/lyc-saint-paul4\/wp-content\/uploads\/sites\/49\/2025\/12\/IMG_7990-2048x754.jpeg 2048w\" sizes=\"auto, (max-width: 1024px) 100vw, 1024px\" \/><\/figure>\n\n\n\n<p>Ce projet s\u2019inscrit dans le prolongement de la dynamique artistique d\u00e9velopp\u00e9e au sein de l\u2019\u00e9tablissement, notamment avec la fresque \u00ab Penser plut\u00f4t que panser \u00bb, initi\u00e9e par Mme Haller. Il s\u2019inscrit \u00e9galement dans la continuit\u00e9 des actions de valorisation des fili\u00e8res technologiques port\u00e9es par Mme C\u00e9lia Lopez-Herrera, professeure de biotechnologies, \u00e0 l\u2019origine de la fresque de la fili\u00e8re STL.<\/p>\n\n\n\n<p>Souhaitant prolonger cette d\u00e9marche, elle a initi\u00e9 le projet \u00ab <strong><em>Fresques \u2013 mise en valeur des fili\u00e8res technologiques<\/em><\/strong> \u00bb, visant \u00e0 offrir une visibilit\u00e9 artistique et p\u00e9dagogique aux enseignements technologiques, et a assur\u00e9 la coordination du volet scientifique et artistique (BPH) de cette nouvelle cr\u00e9ation, en lien \u00e9troit avec les \u00e9quipes p\u00e9dagogiques impliqu\u00e9es.<\/p>\n\n\n\n<p>La mise en \u0153uvre de la fresque ST2S a \u00e9t\u00e9 men\u00e9e en collaboration avec Mme Sabrina Silvas, professeure de Sciences et Techniques M\u00e9dico-Sociales, qui a, veill\u00e9 \u00e0 sa coh\u00e9rence avec les valeurs et les finalit\u00e9s de la fili\u00e8re ST2S, contribu\u00e9 \u00e0 l\u2019ajustement des esquisses et accompagn\u00e9 la valorisation du travail des \u00e9l\u00e8ves.&nbsp; Les \u00e9l\u00e8ves de ST2S ont \u00e9galement \u00e9t\u00e9 accompagn\u00e9s aussi de Mme MAGE et M GONFO, , professeurs de Sciences et Techniques M\u00e9dico-Sociales<\/p>\n\n\n\n<p><strong>Un projet f\u00e9d\u00e9rateur et porteur de sens<\/strong><\/p>\n\n\n\n<p>La fresque ST2S illustre la volont\u00e9 du lyc\u00e9e d\u2019associer \u00e9ducation artistique, scientifique et citoyenne.<\/p>\n\n\n\n<p>Elle permet aux \u00e9l\u00e8ves de :<\/p>\n\n\n\n<ul class=\"wp-block-list\">\n<li>d\u00e9velopper leur cr\u00e9ativit\u00e9 et leur esprit d\u2019initiative ;<\/li>\n\n\n\n<li>renforcer leur sentiment d\u2019appartenance et leur coop\u00e9ration ;<\/li>\n\n\n\n<li>traduire visuellement les valeurs humaines et sociales port\u00e9es par la fili\u00e8re ST2S.<\/li>\n<\/ul>\n\n\n\n<figure class=\"wp-block-gallery has-nested-images columns-default is-cropped wp-block-gallery-1 is-layout-flex wp-block-gallery-is-layout-flex\">\n<figure class=\"wp-block-image size-large\"><img loading=\"lazy\" decoding=\"async\" width=\"768\" height=\"1024\" data-id=\"5591\" src=\"https:\/\/etab.ac-reunion.fr\/lyc-saint-paul4\/wp-content\/uploads\/sites\/49\/2025\/12\/IMG_7961-768x1024.jpeg\" alt=\"\" class=\"wp-image-5591\" srcset=\"https:\/\/etab.ac-reunion.fr\/lyc-saint-paul4\/wp-content\/uploads\/sites\/49\/2025\/12\/IMG_7961-768x1024.jpeg 768w, https:\/\/etab.ac-reunion.fr\/lyc-saint-paul4\/wp-content\/uploads\/sites\/49\/2025\/12\/IMG_7961-225x300.jpeg 225w, https:\/\/etab.ac-reunion.fr\/lyc-saint-paul4\/wp-content\/uploads\/sites\/49\/2025\/12\/IMG_7961-1152x1536.jpeg 1152w, https:\/\/etab.ac-reunion.fr\/lyc-saint-paul4\/wp-content\/uploads\/sites\/49\/2025\/12\/IMG_7961-1536x2048.jpeg 1536w, https:\/\/etab.ac-reunion.fr\/lyc-saint-paul4\/wp-content\/uploads\/sites\/49\/2025\/12\/IMG_7961-scaled.jpeg 1920w\" sizes=\"auto, (max-width: 768px) 100vw, 768px\" \/><\/figure>\n\n\n\n<figure class=\"wp-block-image size-large\"><img loading=\"lazy\" decoding=\"async\" width=\"768\" height=\"1024\" data-id=\"5590\" src=\"https:\/\/etab.ac-reunion.fr\/lyc-saint-paul4\/wp-content\/uploads\/sites\/49\/2025\/12\/IMG_7952-768x1024.jpeg\" alt=\"\" class=\"wp-image-5590\" srcset=\"https:\/\/etab.ac-reunion.fr\/lyc-saint-paul4\/wp-content\/uploads\/sites\/49\/2025\/12\/IMG_7952-768x1024.jpeg 768w, https:\/\/etab.ac-reunion.fr\/lyc-saint-paul4\/wp-content\/uploads\/sites\/49\/2025\/12\/IMG_7952-225x300.jpeg 225w, https:\/\/etab.ac-reunion.fr\/lyc-saint-paul4\/wp-content\/uploads\/sites\/49\/2025\/12\/IMG_7952-1152x1536.jpeg 1152w, https:\/\/etab.ac-reunion.fr\/lyc-saint-paul4\/wp-content\/uploads\/sites\/49\/2025\/12\/IMG_7952-1536x2048.jpeg 1536w, https:\/\/etab.ac-reunion.fr\/lyc-saint-paul4\/wp-content\/uploads\/sites\/49\/2025\/12\/IMG_7952-scaled.jpeg 1920w\" sizes=\"auto, (max-width: 768px) 100vw, 768px\" \/><\/figure>\n\n\n\n<figure class=\"wp-block-image size-large\"><img loading=\"lazy\" decoding=\"async\" width=\"768\" height=\"1024\" data-id=\"5592\" src=\"https:\/\/etab.ac-reunion.fr\/lyc-saint-paul4\/wp-content\/uploads\/sites\/49\/2025\/12\/IMG_7965-768x1024.jpeg\" alt=\"\" class=\"wp-image-5592\" srcset=\"https:\/\/etab.ac-reunion.fr\/lyc-saint-paul4\/wp-content\/uploads\/sites\/49\/2025\/12\/IMG_7965-768x1024.jpeg 768w, https:\/\/etab.ac-reunion.fr\/lyc-saint-paul4\/wp-content\/uploads\/sites\/49\/2025\/12\/IMG_7965-225x300.jpeg 225w, https:\/\/etab.ac-reunion.fr\/lyc-saint-paul4\/wp-content\/uploads\/sites\/49\/2025\/12\/IMG_7965-1152x1536.jpeg 1152w, https:\/\/etab.ac-reunion.fr\/lyc-saint-paul4\/wp-content\/uploads\/sites\/49\/2025\/12\/IMG_7965-1536x2048.jpeg 1536w, https:\/\/etab.ac-reunion.fr\/lyc-saint-paul4\/wp-content\/uploads\/sites\/49\/2025\/12\/IMG_7965-scaled.jpeg 1920w\" sizes=\"auto, (max-width: 768px) 100vw, 768px\" \/><\/figure>\n<\/figure>\n\n\n\n<p><strong>Une \u0153uvre collective et professionnelle<\/strong><\/p>\n\n\n\n<p>Encadr\u00e9s par l\u2019artiste de Mhiquet Cr\u00e9ations, les \u00e9l\u00e8ves participent \u00e0 toutes les \u00e9tapes :<\/p>\n\n\n\n<ul class=\"wp-block-list\">\n<li>\u00e9laboration des esquisses, valid\u00e9es par l\u2019\u00e9quipe enseignante et la direction ;<\/li>\n\n\n\n<li>mise en couleur \u00e0 la peinture murale, dans une dynamique collaborative ;<\/li>\n\n\n\n<li>finalisation esth\u00e9tique par l\u2019artiste afin de garantir un rendu harmonieux et durable.<\/li>\n<\/ul>\n\n\n\n<p><strong>Un projet \u00e0 la crois\u00e9e des disciplines<\/strong><\/p>\n\n\n\n<p>Port\u00e9e par la synergie entre les enseignements de Biologie et Physiopathologie Humaines (BPH) &nbsp;et de Sciences et Techniques M\u00e9dico-Sociales, cette fresque illustre la richesse interdisciplinaire de la fili\u00e8re ST2S : scientifique, artistique, sociale et citoyenne. Elle s\u2019inscrit pleinement dans la d\u00e9marche de valorisation des talents au sein du lyc\u00e9e.<\/p>\n\n\n\n<p><strong>L\u2019inauguration de la fresque a \u00e9t\u00e9 mise en lumi\u00e8re par la presse locale :<\/strong><\/p>\n\n\n\n<p>Imaz Press \u2013 Inauguration de la fresque du Lyc\u00e9e Paul Verg\u00e8s<\/p>\n\n\n\n<p><a href=\"https:\/\/imazpress.com\/toute-l-actu\/inauguration-de-la-fresque-du-lycee-paul-verg-s\">https:\/\/imazpress.com\/toute-l-actu\/inauguration-de-la-fresque-du-lycee-paul-verg-s<\/a><\/p>\n\n\n\n<p>Projet financ\u00e9 par le Lyc\u00e9e Paul VERG\u00c8S et le Conseil R\u00e9gional<\/p>\n\n\n\n<p>Partenaire artistique : Mhiquet Cr\u00e9ations<\/p>\n\n\n\n<p>Projet initi\u00e9 et coordonn\u00e9 par Mme C\u00e9lia Lopez-Herrera (volet BPH) et Mme Sabrina Silvas (volet ST2S) \u2013 Lyc\u00e9e Paul Verg\u00e8s, Plaine Saint-Paul<\/p>\n","protected":false},"excerpt":{"rendered":"<p>Le Lyc\u00e9e Paul Verg\u00e8s de la Plaine Saint-Paul poursuit sa dynamique d\u2019ouverture culturelle et d\u2019expression artistique avec la cr\u00e9ation d\u2019une fresque murale ST2S, en partenariat avec Mhiquet Cr\u00e9ations et financ\u00e9e par le lyc\u00e9e et le Conseil R\u00e9gional. Cette \u0153uvre collective a \u00e9t\u00e9 inaugur\u00e9e lors du Forum Sant\u00e9-Social, organis\u00e9 le 11 d\u00e9cembre. Ce projet s\u2019inscrit dans [&hellip;]<\/p>\n","protected":false},"author":37473,"featured_media":0,"comment_status":"closed","ping_status":"closed","sticky":false,"template":"","format":"standard","meta":{"footnotes":""},"categories":[5],"tags":[83,35],"class_list":["post-5580","post","type-post","status-publish","format-standard","hentry","category-actualites-culturelles","tag-culture-scientifique","tag-projet"],"_links":{"self":[{"href":"https:\/\/etab.ac-reunion.fr\/lyc-saint-paul4\/wp-json\/wp\/v2\/posts\/5580","targetHints":{"allow":["GET"]}}],"collection":[{"href":"https:\/\/etab.ac-reunion.fr\/lyc-saint-paul4\/wp-json\/wp\/v2\/posts"}],"about":[{"href":"https:\/\/etab.ac-reunion.fr\/lyc-saint-paul4\/wp-json\/wp\/v2\/types\/post"}],"author":[{"embeddable":true,"href":"https:\/\/etab.ac-reunion.fr\/lyc-saint-paul4\/wp-json\/wp\/v2\/users\/37473"}],"replies":[{"embeddable":true,"href":"https:\/\/etab.ac-reunion.fr\/lyc-saint-paul4\/wp-json\/wp\/v2\/comments?post=5580"}],"version-history":[{"count":2,"href":"https:\/\/etab.ac-reunion.fr\/lyc-saint-paul4\/wp-json\/wp\/v2\/posts\/5580\/revisions"}],"predecessor-version":[{"id":5594,"href":"https:\/\/etab.ac-reunion.fr\/lyc-saint-paul4\/wp-json\/wp\/v2\/posts\/5580\/revisions\/5594"}],"wp:attachment":[{"href":"https:\/\/etab.ac-reunion.fr\/lyc-saint-paul4\/wp-json\/wp\/v2\/media?parent=5580"}],"wp:term":[{"taxonomy":"category","embeddable":true,"href":"https:\/\/etab.ac-reunion.fr\/lyc-saint-paul4\/wp-json\/wp\/v2\/categories?post=5580"},{"taxonomy":"post_tag","embeddable":true,"href":"https:\/\/etab.ac-reunion.fr\/lyc-saint-paul4\/wp-json\/wp\/v2\/tags?post=5580"}],"curies":[{"name":"wp","href":"https:\/\/api.w.org\/{rel}","templated":true}]}}