{"id":735,"date":"2016-02-03T19:49:00","date_gmt":"2016-02-03T16:49:00","guid":{"rendered":"http:\/\/lycee-stpaul4.ac-reunion.fr\/?p=735"},"modified":"2020-08-28T21:21:04","modified_gmt":"2020-08-28T18:21:04","slug":"matinee-portes-ouvertes-le-samedi-27-fevrier-2016","status":"publish","type":"post","link":"https:\/\/etab.ac-reunion.fr\/lyc-saint-paul4\/matinee-portes-ouvertes-le-samedi-27-fevrier-2016\/","title":{"rendered":"Matin\u00e9e Portes Ouvertes le samedi 27 f\u00e9vrier 2016"},"content":{"rendered":"<p><img loading=\"lazy\" decoding=\"async\" class=\" wp-image-738 alignleft\" src=\"https:\/\/etab.ac-reunion.fr\/lyc-saint-paul4\/wp-content\/uploads\/sites\/49\/2016\/02\/journ\u00e9e-porte-ouverte-2016-site-300x262.jpg\" alt=\"journ\u00e9e-porte-ouverte-2016-site\" width=\"183\" height=\"160\" srcset=\"https:\/\/etab.ac-reunion.fr\/lyc-saint-paul4\/wp-content\/uploads\/sites\/49\/2016\/02\/journ\u00e9e-porte-ouverte-2016-site-300x262.jpg 300w, https:\/\/etab.ac-reunion.fr\/lyc-saint-paul4\/wp-content\/uploads\/sites\/49\/2016\/02\/journ\u00e9e-porte-ouverte-2016-site-1024x893.jpg 1024w, https:\/\/etab.ac-reunion.fr\/lyc-saint-paul4\/wp-content\/uploads\/sites\/49\/2016\/02\/journ\u00e9e-porte-ouverte-2016-site.jpg 1228w\" sizes=\"auto, (max-width: 183px) 100vw, 183px\" \/>Le Lyc\u00e9e SAINT PAUL IV organise le SAMEDI 27 F\u00c9VRIER 2016 de 8h30 \u00e0 12h00 une matin\u00e9e \u00ab\u00a0Portes Ouvertes\u00a0\u00bb, destin\u00e9e aux \u00e9l\u00e8ves de troisi\u00e8me, de seconde et de terminale ainsi qu\u2019aux \u00e9tudiants d\u00e9sirant se r\u00e9orienter.<\/p>\n<ul>\n<li>Visite de l\u2019\u00e9tablissement, des laboratoires, de la halle technologique, du restaurant scolaire, de l\u2019Internat \u2026<\/li>\n<li>Pr\u00e9sentation des diff\u00e9rentes fili\u00e8res de formation :<\/li>\n<\/ul>\n<p>\u2013\u00a0\u00a0\u00a0 CAP \u00ab\u00a0AQE\u00a0\u00bb, \u00ab\u00a0Agent de la Qualit\u00e9 de l\u2019Eau\u00a0\u00bb<\/p>\n<p>\u2013\u00a0\u00a0\u00a0 Classes entrantes de seconde g\u00e9n\u00e9rale<\/p>\n<p>\u2013\u00a0\u00a0\u00a0 Bac Pro \u00ab\u00a0Bio-Industries de Transformation\u00a0\u00bb pour les \u00e9l\u00e8ves de Troisi\u00e8me.<br \/>\n\u2013\u00a0\u00a0\u00a0 S\u00e9ries technologiques Sciences et Technologies de Laboratoire (STL Biotechnologies) et Sciences et Technologies de la Sant\u00e9 et du Social (ST2S) pour les \u00e9l\u00e8ves de Seconde.<br \/>\n\u2013\u00a0\u00a0\u00a0 BTS \u00ab\u00a0Bio-Analyses et Contr\u00f4les\u00a0\u00bb, \u00ab\u00a0Qualit\u00e9 dans les Industries Alimentaires et Bio-Industries\u00a0\u00bb et \u00ab\u00a0Services et Prestations des secteurs sanitaire et social\u00a0\u00bb pour les \u00e9l\u00e8ves de Terminale et \u00e9tudiants.<\/p>\n<ul>\n<li>Echanges avec les \u00e9l\u00e8ves, les \u00e9tudiants et les professeurs<\/li>\n<\/ul>\n","protected":false},"excerpt":{"rendered":"<p>Le Lyc\u00e9e SAINT PAUL IV organise le SAMEDI 27 F\u00c9VRIER 2016 de 8h30 \u00e0 12h00 une matin\u00e9e \u00ab\u00a0Portes Ouvertes\u00a0\u00bb, destin\u00e9e aux \u00e9l\u00e8ves de troisi\u00e8me, de seconde et de terminale ainsi qu\u2019aux \u00e9tudiants d\u00e9sirant se r\u00e9orienter. Visite de l\u2019\u00e9tablissement, des laboratoires, de la halle technologique, du restaurant scolaire, de l\u2019Internat \u2026 Pr\u00e9sentation des diff\u00e9rentes fili\u00e8res de [&hellip;]<\/p>\n","protected":false},"author":4139,"featured_media":0,"comment_status":"closed","ping_status":"closed","sticky":false,"template":"","format":"standard","meta":{"footnotes":""},"categories":[2,22,24,23,111,25],"tags":[33,27,17,32,37,30],"class_list":["post-735","post","type-post","status-publish","format-standard","hentry","category-actualites","category-enseignement-general","category-enseignement-professionel","category-enseignement-technologique","category-informations-sur-lorientation","category-les-formations","tag-aqe","tag-biotechnologies","tag-bts","tag-cap","tag-enseignement-professionnel-2","tag-pipac"],"_links":{"self":[{"href":"https:\/\/etab.ac-reunion.fr\/lyc-saint-paul4\/wp-json\/wp\/v2\/posts\/735","targetHints":{"allow":["GET"]}}],"collection":[{"href":"https:\/\/etab.ac-reunion.fr\/lyc-saint-paul4\/wp-json\/wp\/v2\/posts"}],"about":[{"href":"https:\/\/etab.ac-reunion.fr\/lyc-saint-paul4\/wp-json\/wp\/v2\/types\/post"}],"author":[{"embeddable":true,"href":"https:\/\/etab.ac-reunion.fr\/lyc-saint-paul4\/wp-json\/wp\/v2\/users\/4139"}],"replies":[{"embeddable":true,"href":"https:\/\/etab.ac-reunion.fr\/lyc-saint-paul4\/wp-json\/wp\/v2\/comments?post=735"}],"version-history":[{"count":3,"href":"https:\/\/etab.ac-reunion.fr\/lyc-saint-paul4\/wp-json\/wp\/v2\/posts\/735\/revisions"}],"predecessor-version":[{"id":740,"href":"https:\/\/etab.ac-reunion.fr\/lyc-saint-paul4\/wp-json\/wp\/v2\/posts\/735\/revisions\/740"}],"wp:attachment":[{"href":"https:\/\/etab.ac-reunion.fr\/lyc-saint-paul4\/wp-json\/wp\/v2\/media?parent=735"}],"wp:term":[{"taxonomy":"category","embeddable":true,"href":"https:\/\/etab.ac-reunion.fr\/lyc-saint-paul4\/wp-json\/wp\/v2\/categories?post=735"},{"taxonomy":"post_tag","embeddable":true,"href":"https:\/\/etab.ac-reunion.fr\/lyc-saint-paul4\/wp-json\/wp\/v2\/tags?post=735"}],"curies":[{"name":"wp","href":"https:\/\/api.w.org\/{rel}","templated":true}]}}