{"id":1832,"date":"2016-08-24T18:24:31","date_gmt":"2016-08-24T14:24:31","guid":{"rendered":"http:\/\/lycee-sarda-garriga.ac-reunion.fr\/?p=1832"},"modified":"2016-08-24T18:31:26","modified_gmt":"2016-08-24T14:31:26","slug":"cafe-des-parents-samedi-17-septembre-2016","status":"publish","type":"post","link":"https:\/\/etab.ac-reunion.fr\/lyc-sarda-garriga\/2016\/08\/24\/cafe-des-parents-samedi-17-septembre-2016\/","title":{"rendered":"Caf\u00e9 des parents  samedi 17 septembre 2016 &#8211; pronote"},"content":{"rendered":"<p align=\"center\"><span style=\"font-size: small\"><span style=\"font-family: 'Comic Sans MS'\">Le samedi 17 septembre 2016, \u00e0 l\u2019initiative de Mme BETTON Patricia Assistante Sociale et de l\u2019association de parents d\u2019\u00e9l\u00e8ves CPEESSA, aura lieu le caf\u00e9 des parents de 8h30 \u00e0 11h30 dans la salle\u00a0<\/span><b>C 01<\/b><span style=\"font-family: 'Comic Sans MS'\">.<\/span><\/span><\/p>\n<p align=\"center\"><span style=\"font-family: 'Comic Sans MS'\"><span style=\"font-size: small\">Votre pr\u00e9sence est vivement souhait\u00e9e\u00a0!<\/span><\/span><\/p>\n<p align=\"center\">\u00a0<span style=\"font-size: small\"><u><b>Th\u00e8me abord\u00e9<\/b><\/u>\u00a0<span style=\"font-family: 'Comic Sans MS'\">: <\/span><\/span><\/p>\n<p align=\"center\"><span style=\"font-size: small\"><span style=\"font-family: 'Comic Sans MS'\">Initiation \u00e0 pronote, outil informatique permettant de suivre la scolarit\u00e9 de votre enfant (Absences, devoirs, notes \u2026.)<\/span>\u00a0<\/span><\/p>\n<p><span style=\"font-size: small\"><span style=\"font-family: 'Comic Sans MS'\">Serez vous pr\u00e9sent\u00a0? :\u00a0\u00a0\u00a0\u00a0\u00a0\u00a0Oui\u00a0<\/span>\u25a1<sup><span style=\"font-family: Arial\">*<\/span><\/sup>\u00a0\u00a0\u00a0\u00a0\u00a0\u00a0\u00a0\u00a0\u00a0<span style=\"font-family: 'Comic Sans MS'\">Non\u00a0<\/span>\u25a1<sup><span style=\"font-family: Arial\">*<\/span><\/sup><\/span><\/p>\n<p><span style=\"font-family: 'Comic Sans MS'\"><span style=\"font-size: small\">Si oui veuillez indiquer le nombre de personnes pr\u00e9sentes\u00a0:<\/span><\/span><\/p>\n<p><span style=\"font-size: small\"><u>Nom, pr\u00e9nom\u00a0:<\/u>\u00a0\u2026\u2026\u2026\u2026\u2026\u2026\u2026\u2026\u2026\u2026\u2026\u2026\u2026\u2026\u2026\u2026\u2026\u2026\u2026\u2026\u2026\u2026\u2026\u2026\u2026\u2026\u2026\u2026\u2026\u2026\u2026<\/span><\/p>\n<p><span style=\"font-size: small\"><u>Classe de l\u2019\u00e9l\u00e8ve<\/u><span style=\"font-family: 'Comic Sans MS'\">: \u2026\u2026\u2026\u2026\u2026\u2026\u2026\u2026<\/span><\/span><\/p>\n<p align=\"center\">\u00a0\u00a0\u00a0\u00a0\u00a0\u00a0\u00a0\u00a0\u00a0\u00a0\u00a0\u00a0\u00a0\u00a0\u00a0\u00a0\u00a0\u00a0\u00a0\u00a0\u00a0\u00a0\u00a0\u00a0\u00a0\u00a0\u00a0\u00a0\u00a0\u00a0\u00a0\u00a0\u00a0\u00a0\u00a0\u00a0\u00a0\u00a0<u>\u00a0<\/u><span style=\"font-size: small\"><span style=\"font-family: 'Comic Sans MS'\"><u>Date\u00a0:<\/u><\/span><span style=\"font-family: 'Comic Sans MS'\">\u00a0\u00a0\u00a0\u00a0\u00a0\u00a0\u00a0\u00a0\u00a0\u00a0\u00a0\u00a0\u00a0\u00a0\u00a0\u00a0\u00a0\u00a0\u00a0\u00a0\u00a0\u00a0\u00a0\u00a0\u00a0\u00a0\u00a0\u00a0\u00a0\u00a0\u00a0\u00a0\u00a0\u00a0\u00a0\u00a0\u00a0\u00a0\u00a0\u00a0\u00a0\u00a0\u00a0\u00a0\u00a0\u00a0\u00a0\u00a0\u00a0<\/span><span style=\"font-family: 'Comic Sans MS'\"><u>Signature\u00a0:<\/u><\/span><\/span><\/p>\n<p>&nbsp;<\/p>\n<p><span style=\"font-size: small\"><u>Imprim\u00e9 \u00e0 compl\u00e9ter et \u00e0 retourner \u00e0 la vie scolaire\u00a0\u00a0avant le 09 septembre 2016<\/u><\/span><\/p>\n<p><span style=\"font-family: 'Comic Sans MS'\"><span style=\"font-size: small\">* : cochez la case choisie.<\/span><\/span><\/p>\n<p>&nbsp;<\/p>\n<p style=\"text-align: center\"><a href='https:\/\/etab.ac-reunion.fr\/lyc-sarda-garriga\/wp-content\/uploads\/sites\/98\/2016\/08\/cafe_parents_lsg.pdf' class='icon-button download-icon' target=\"_blank\">Fichier \u00e0 imprimer et retourner<span class='et-icon'><\/span><\/a>\n","protected":false},"excerpt":{"rendered":"<p>Le samedi 17 septembre 2016, \u00e0 l\u2019initiative de Mme BETTON Patricia Assistante Sociale et de l\u2019association de parents d\u2019\u00e9l\u00e8ves CPEESSA, aura lieu le caf\u00e9 des parents de 8h30 \u00e0 11h30 dans la salle\u00a0C 01. Votre pr\u00e9sence est vivement souhait\u00e9e\u00a0! \u00a0Th\u00e8me abord\u00e9\u00a0: Initiation \u00e0 pronote, outil informatique permettant de suivre la scolarit\u00e9 de votre enfant (Absences, [&hellip;]<\/p>\n","protected":false},"author":2934,"featured_media":1650,"comment_status":"closed","ping_status":"closed","sticky":false,"template":"","format":"standard","meta":{"footnotes":"","_links_to":"","_links_to_target":""},"categories":[9],"tags":[],"class_list":["post-1832","post","type-post","status-publish","format-standard","has-post-thumbnail","hentry","category-informations-parents"],"_links":{"self":[{"href":"https:\/\/etab.ac-reunion.fr\/lyc-sarda-garriga\/wp-json\/wp\/v2\/posts\/1832","targetHints":{"allow":["GET"]}}],"collection":[{"href":"https:\/\/etab.ac-reunion.fr\/lyc-sarda-garriga\/wp-json\/wp\/v2\/posts"}],"about":[{"href":"https:\/\/etab.ac-reunion.fr\/lyc-sarda-garriga\/wp-json\/wp\/v2\/types\/post"}],"author":[{"embeddable":true,"href":"https:\/\/etab.ac-reunion.fr\/lyc-sarda-garriga\/wp-json\/wp\/v2\/users\/2934"}],"replies":[{"embeddable":true,"href":"https:\/\/etab.ac-reunion.fr\/lyc-sarda-garriga\/wp-json\/wp\/v2\/comments?post=1832"}],"version-history":[{"count":6,"href":"https:\/\/etab.ac-reunion.fr\/lyc-sarda-garriga\/wp-json\/wp\/v2\/posts\/1832\/revisions"}],"predecessor-version":[{"id":1840,"href":"https:\/\/etab.ac-reunion.fr\/lyc-sarda-garriga\/wp-json\/wp\/v2\/posts\/1832\/revisions\/1840"}],"wp:featuredmedia":[{"embeddable":true,"href":"https:\/\/etab.ac-reunion.fr\/lyc-sarda-garriga\/wp-json\/wp\/v2\/media\/1650"}],"wp:attachment":[{"href":"https:\/\/etab.ac-reunion.fr\/lyc-sarda-garriga\/wp-json\/wp\/v2\/media?parent=1832"}],"wp:term":[{"taxonomy":"category","embeddable":true,"href":"https:\/\/etab.ac-reunion.fr\/lyc-sarda-garriga\/wp-json\/wp\/v2\/categories?post=1832"},{"taxonomy":"post_tag","embeddable":true,"href":"https:\/\/etab.ac-reunion.fr\/lyc-sarda-garriga\/wp-json\/wp\/v2\/tags?post=1832"}],"curies":[{"name":"wp","href":"https:\/\/api.w.org\/{rel}","templated":true}]}}