{"id":1842,"date":"2016-08-26T10:45:03","date_gmt":"2016-08-26T06:45:03","guid":{"rendered":"http:\/\/lycee-sarda-garriga.ac-reunion.fr\/?p=1842"},"modified":"2016-08-26T10:50:31","modified_gmt":"2016-08-26T06:50:31","slug":"eclipse-de-soleil-du-jeudi-1er-septembre-2016-securite","status":"publish","type":"post","link":"https:\/\/etab.ac-reunion.fr\/lyc-sarda-garriga\/2016\/08\/26\/eclipse-de-soleil-du-jeudi-1er-septembre-2016-securite\/","title":{"rendered":"Eclipse de Soleil du jeudi 1er septembre 2016 &#8211; S\u00e9curit\u00e9 !"},"content":{"rendered":"<p style=\"text-align: center\"><span style=\"text-decoration: underline\"><strong><span style=\"color: #ff0000;text-decoration: underline\">A l&rsquo;attention des El\u00e8ves, Parents d&rsquo;El\u00e8ves, de tout le Personnel du Lyc\u00e9e Sarda Garriga,<\/span><\/strong><\/span><\/p>\n<p style=\"text-align: center\">Une \u00e9clipse annulaire de Soleil sera visible \u00e0 la R\u00e9union le jeudi 1er septembre 2016.<\/p>\n<p style=\"text-align: center\">Il ne faut pas regarder le ph\u00e9nom\u00e8ne directement \u00e0 l\u2019\u0153il nu, il ne faut pas \u00a0utiliser des instruments d&rsquo;optique (jumelles, appareil photographique, smartphone, tablette &#8230;) sans protection adapt\u00e9e.<\/p>\n<p style=\"text-align: center\" align=\"center\"><span style=\"color: #ff0000\"><span style=\"font-family: 'Bookman Old Style', serif\"><b>REGARDER DIRECTEMENT LE SOLEIL PENDANT L\u2019\u00c9CLIPSE VOUS RENDRAIT AVEUGLE\u00a0!<\/b><\/span><\/span><\/p>\n<p style=\"text-align: center\" align=\"center\"><strong><span style=\"color: #ff0000\">Des lunettes sp\u00e9ciales \u00e9clipses seront distribu\u00e9es dans l&rsquo;\u00e9tablissement \u00e0 partir de 13H. \u00a0<\/span><\/strong><\/p>\n<p style=\"text-align: center\" align=\"center\"><span style=\"color: #ff0000\"><strong>Prot\u00e9ger vous, portez les lunettes SP\u00c9CIALES \u00c9CLIPSES \u00a0!<\/strong><\/span><\/p>\n<p style=\"text-align: center\" align=\"center\">vous trouvez ci dessous des recommandations, je vous remercie d&rsquo;en prendre connaissance<\/p>\n<p style=\"text-align: center\" align=\"center\">\n<!-- iframe plugin v.5.2 wordpress.org\/plugins\/iframe\/ -->\n<iframe loading=\"lazy\" src=\"https:\/\/etab.ac-reunion.fr\/lyc-sarda-garriga\/wp-content\/uploads\/sites\/98\/2016\/08\/recommandations.pdf\" width=\"560\" height=\"600\" scrolling=\"auto\" class=\"iframe-class\" frameborder=\"0\"><\/iframe>\n\n<p style=\"text-align: center\" align=\"center\">\n<!-- iframe plugin v.5.2 wordpress.org\/plugins\/iframe\/ -->\n<iframe loading=\"lazy\" src=\"https:\/\/etab.ac-reunion.fr\/lyc-sarda-garriga\/wp-content\/uploads\/sites\/98\/2016\/08\/message-s\u00e9cu-reflexes.pdf\" width=\"560\" height=\"600\" scrolling=\"auto\" class=\"iframe-class\" frameborder=\"0\"><\/iframe>\n\n","protected":false},"excerpt":{"rendered":"<p>A l&rsquo;attention des El\u00e8ves, Parents d&rsquo;El\u00e8ves, de tout le Personnel du Lyc\u00e9e Sarda Garriga, Une \u00e9clipse annulaire de Soleil sera visible \u00e0 la R\u00e9union le jeudi 1er septembre 2016. Il ne faut pas regarder le ph\u00e9nom\u00e8ne directement \u00e0 l\u2019\u0153il nu, il ne faut pas \u00a0utiliser des instruments d&rsquo;optique (jumelles, appareil photographique, smartphone, tablette &#8230;) sans [&hellip;]<\/p>\n","protected":false},"author":2934,"featured_media":1845,"comment_status":"closed","ping_status":"closed","sticky":false,"template":"","format":"standard","meta":{"footnotes":"","_links_to":"","_links_to_target":""},"categories":[15,17,9],"tags":[155,156],"class_list":["post-1842","post","type-post","status-publish","format-standard","has-post-thumbnail","hentry","category-evenements","category-informations-generales","category-informations-parents","tag-eclipse-2016","tag-prevention"],"_links":{"self":[{"href":"https:\/\/etab.ac-reunion.fr\/lyc-sarda-garriga\/wp-json\/wp\/v2\/posts\/1842","targetHints":{"allow":["GET"]}}],"collection":[{"href":"https:\/\/etab.ac-reunion.fr\/lyc-sarda-garriga\/wp-json\/wp\/v2\/posts"}],"about":[{"href":"https:\/\/etab.ac-reunion.fr\/lyc-sarda-garriga\/wp-json\/wp\/v2\/types\/post"}],"author":[{"embeddable":true,"href":"https:\/\/etab.ac-reunion.fr\/lyc-sarda-garriga\/wp-json\/wp\/v2\/users\/2934"}],"replies":[{"embeddable":true,"href":"https:\/\/etab.ac-reunion.fr\/lyc-sarda-garriga\/wp-json\/wp\/v2\/comments?post=1842"}],"version-history":[{"count":2,"href":"https:\/\/etab.ac-reunion.fr\/lyc-sarda-garriga\/wp-json\/wp\/v2\/posts\/1842\/revisions"}],"predecessor-version":[{"id":1847,"href":"https:\/\/etab.ac-reunion.fr\/lyc-sarda-garriga\/wp-json\/wp\/v2\/posts\/1842\/revisions\/1847"}],"wp:featuredmedia":[{"embeddable":true,"href":"https:\/\/etab.ac-reunion.fr\/lyc-sarda-garriga\/wp-json\/wp\/v2\/media\/1845"}],"wp:attachment":[{"href":"https:\/\/etab.ac-reunion.fr\/lyc-sarda-garriga\/wp-json\/wp\/v2\/media?parent=1842"}],"wp:term":[{"taxonomy":"category","embeddable":true,"href":"https:\/\/etab.ac-reunion.fr\/lyc-sarda-garriga\/wp-json\/wp\/v2\/categories?post=1842"},{"taxonomy":"post_tag","embeddable":true,"href":"https:\/\/etab.ac-reunion.fr\/lyc-sarda-garriga\/wp-json\/wp\/v2\/tags?post=1842"}],"curies":[{"name":"wp","href":"https:\/\/api.w.org\/{rel}","templated":true}]}}