{"id":283,"date":"2014-10-29T23:28:22","date_gmt":"2014-10-29T19:28:22","guid":{"rendered":"http:\/\/lycee-sarda-garriga-tmp.ac-reunion.fr\/?p=283"},"modified":"2014-11-06T21:08:41","modified_gmt":"2014-11-06T17:08:41","slug":"metice-parents-2","status":"publish","type":"post","link":"https:\/\/etab.ac-reunion.fr\/lyc-sarda-garriga\/2014\/10\/29\/metice-parents-2\/","title":{"rendered":"METICE Parents"},"content":{"rendered":"<p style=\"text-align: left\">Parents,<\/p>\n<p style=\"text-align: left\">Pour suivre la scolarit\u00e9 de votre (vos) enfant(s) vous avez re\u00e7u votre identifiant et votre mot de passe qui vous donnerons acc\u00e8s \u00e0 METICE.<\/p>\n<p style=\"text-align: left\">Vous avez trois mois pour l&rsquo;activation du (des) compte(s).<\/p>\n<p style=\"text-align: center\"><a href='https:\/\/etab.ac-reunion.fr\/lyc-sarda-garriga\/metice-parents\/' class='icon-button notice-icon' target=\"_blank\">Aide pour l&rsquo;acc\u00e8s \u00e0 METICE<span class='et-icon'><\/span><\/a>\n","protected":false},"excerpt":{"rendered":"<p>Parents, Pour suivre la scolarit\u00e9 de votre (vos) enfant(s) vous avez re\u00e7u votre identifiant et votre mot de passe qui vous donnerons acc\u00e8s \u00e0 METICE. Vous avez trois mois pour l&rsquo;activation du (des) compte(s).<\/p>\n","protected":false},"author":2934,"featured_media":325,"comment_status":"closed","ping_status":"closed","sticky":false,"template":"","format":"standard","meta":{"footnotes":"","_links_to":"","_links_to_target":""},"categories":[9],"tags":[8],"class_list":["post-283","post","type-post","status-publish","format-standard","has-post-thumbnail","hentry","category-informations-parents","tag-metice-parents"],"_links":{"self":[{"href":"https:\/\/etab.ac-reunion.fr\/lyc-sarda-garriga\/wp-json\/wp\/v2\/posts\/283","targetHints":{"allow":["GET"]}}],"collection":[{"href":"https:\/\/etab.ac-reunion.fr\/lyc-sarda-garriga\/wp-json\/wp\/v2\/posts"}],"about":[{"href":"https:\/\/etab.ac-reunion.fr\/lyc-sarda-garriga\/wp-json\/wp\/v2\/types\/post"}],"author":[{"embeddable":true,"href":"https:\/\/etab.ac-reunion.fr\/lyc-sarda-garriga\/wp-json\/wp\/v2\/users\/2934"}],"replies":[{"embeddable":true,"href":"https:\/\/etab.ac-reunion.fr\/lyc-sarda-garriga\/wp-json\/wp\/v2\/comments?post=283"}],"version-history":[{"count":3,"href":"https:\/\/etab.ac-reunion.fr\/lyc-sarda-garriga\/wp-json\/wp\/v2\/posts\/283\/revisions"}],"predecessor-version":[{"id":461,"href":"https:\/\/etab.ac-reunion.fr\/lyc-sarda-garriga\/wp-json\/wp\/v2\/posts\/283\/revisions\/461"}],"wp:featuredmedia":[{"embeddable":true,"href":"https:\/\/etab.ac-reunion.fr\/lyc-sarda-garriga\/wp-json\/wp\/v2\/media\/325"}],"wp:attachment":[{"href":"https:\/\/etab.ac-reunion.fr\/lyc-sarda-garriga\/wp-json\/wp\/v2\/media?parent=283"}],"wp:term":[{"taxonomy":"category","embeddable":true,"href":"https:\/\/etab.ac-reunion.fr\/lyc-sarda-garriga\/wp-json\/wp\/v2\/categories?post=283"},{"taxonomy":"post_tag","embeddable":true,"href":"https:\/\/etab.ac-reunion.fr\/lyc-sarda-garriga\/wp-json\/wp\/v2\/tags?post=283"}],"curies":[{"name":"wp","href":"https:\/\/api.w.org\/{rel}","templated":true}]}}