{"id":3150,"date":"2018-12-04T17:10:30","date_gmt":"2018-12-04T13:10:30","guid":{"rendered":"http:\/\/lycee-sarda-garriga.ac-reunion.fr\/?p=3150"},"modified":"2018-12-04T20:11:45","modified_gmt":"2018-12-04T16:11:45","slug":"reunion-parents-professeurs","status":"publish","type":"post","link":"https:\/\/etab.ac-reunion.fr\/lyc-sarda-garriga\/2018\/12\/04\/reunion-parents-professeurs\/","title":{"rendered":"R\u00e9union Parents Professeurs\u00a006 et 07 d\u00e9cembre 2018"},"content":{"rendered":"<p style=\"text-align: left\">La <strong>R\u00e9union Parents Professeurs\u00a0<\/strong><\/p>\n<p style=\"text-align: left\">&#8211; pour les\u00a0<u>secondes<\/u>\u00a0aura lieu le\u00a0<u>jeudi 06 d\u00e9cembre 2018<\/u>.<\/p>\n<p style=\"text-align: left\">&#8211; pour les\u00a0<u>premi\u00e8res et Terminales<\/u>\u00a0aura lieu le <span style=\"text-decoration: underline\">vendredi 07 d\u00e9cembre 2018.<\/span><\/p>\n<p style=\"text-align: left\">Pour avoir le planning de ces r\u00e9unions connectez vous \u00e0 votre m\u00e9tice<\/p>\n","protected":false},"excerpt":{"rendered":"<p>La R\u00e9union Parents Professeurs\u00a0 &#8211; pour les\u00a0secondes\u00a0aura lieu le\u00a0jeudi 06 d\u00e9cembre 2018. &#8211; pour les\u00a0premi\u00e8res et Terminales\u00a0aura lieu le vendredi 07 d\u00e9cembre 2018. Pour avoir le planning de ces r\u00e9unions connectez vous \u00e0 votre m\u00e9tice<\/p>\n","protected":false},"author":2934,"featured_media":3151,"comment_status":"closed","ping_status":"closed","sticky":false,"template":"","format":"standard","meta":{"footnotes":"","_links_to":"","_links_to_target":""},"categories":[213],"tags":[],"class_list":["post-3150","post","type-post","status-publish","format-standard","has-post-thumbnail","hentry","category-reunions"],"_links":{"self":[{"href":"https:\/\/etab.ac-reunion.fr\/lyc-sarda-garriga\/wp-json\/wp\/v2\/posts\/3150","targetHints":{"allow":["GET"]}}],"collection":[{"href":"https:\/\/etab.ac-reunion.fr\/lyc-sarda-garriga\/wp-json\/wp\/v2\/posts"}],"about":[{"href":"https:\/\/etab.ac-reunion.fr\/lyc-sarda-garriga\/wp-json\/wp\/v2\/types\/post"}],"author":[{"embeddable":true,"href":"https:\/\/etab.ac-reunion.fr\/lyc-sarda-garriga\/wp-json\/wp\/v2\/users\/2934"}],"replies":[{"embeddable":true,"href":"https:\/\/etab.ac-reunion.fr\/lyc-sarda-garriga\/wp-json\/wp\/v2\/comments?post=3150"}],"version-history":[{"count":2,"href":"https:\/\/etab.ac-reunion.fr\/lyc-sarda-garriga\/wp-json\/wp\/v2\/posts\/3150\/revisions"}],"predecessor-version":[{"id":3222,"href":"https:\/\/etab.ac-reunion.fr\/lyc-sarda-garriga\/wp-json\/wp\/v2\/posts\/3150\/revisions\/3222"}],"wp:featuredmedia":[{"embeddable":true,"href":"https:\/\/etab.ac-reunion.fr\/lyc-sarda-garriga\/wp-json\/wp\/v2\/media\/3151"}],"wp:attachment":[{"href":"https:\/\/etab.ac-reunion.fr\/lyc-sarda-garriga\/wp-json\/wp\/v2\/media?parent=3150"}],"wp:term":[{"taxonomy":"category","embeddable":true,"href":"https:\/\/etab.ac-reunion.fr\/lyc-sarda-garriga\/wp-json\/wp\/v2\/categories?post=3150"},{"taxonomy":"post_tag","embeddable":true,"href":"https:\/\/etab.ac-reunion.fr\/lyc-sarda-garriga\/wp-json\/wp\/v2\/tags?post=3150"}],"curies":[{"name":"wp","href":"https:\/\/api.w.org\/{rel}","templated":true}]}}