{"id":3491,"date":"2019-05-20T16:11:07","date_gmt":"2019-05-20T12:11:07","guid":{"rendered":"http:\/\/lycee-sarda-garriga.ac-reunion.fr\/?p=3491"},"modified":"2025-06-03T23:58:10","modified_gmt":"2025-06-03T19:58:10","slug":"rencontre-avec-jean-louis-prianon-mercredi-22-mai-a-14h30-au-gymnase-michel-debre-lycee","status":"publish","type":"post","link":"https:\/\/etab.ac-reunion.fr\/lyc-sarda-garriga\/2019\/05\/20\/rencontre-avec-jean-louis-prianon-mercredi-22-mai-a-14h30-au-gymnase-michel-debre-lycee\/","title":{"rendered":"Rencontre avec Jean-Louis Prianon\u00a0&#8211; Mercredi 22 Mai\u00a0\u00e0 14h30 au Gymnase Michel Debr\u00e9 (Lyc\u00e9e)"},"content":{"rendered":"\n<blockquote style=\"text-align:center\" class=\"wp-block-quote is-layout-flow wp-block-quote-is-layout-flow\"><p><strong> Venue J.L Prianon au Lyc\u00e9e &#8211; A ne pas manquer !  <\/strong><\/p><p><strong><br> \u00a0<\/strong><em><strong>\u00ab\u00a0\u00ab\u00a0Pour r\u00e9ussir, il faut forcer le destin\u00a0\u00bb<\/strong><\/em><strong><br> \u00a0<\/strong><em><strong>Il a fini 4\u00e8me aux Jeux olympiques d\u2019\u00e9t\u00e9 de S\u00e9oul en 1988, son parcours sportif est exemplaire, il oeuvre r\u00e9guli\u00e8rement en faveur des jeunes et aime leur transmettre sa passion et sa volont\u00e9 de r\u00e9ussir, afin qu&rsquo;\u00e0 leur tour,ils puissent se persuader que lorsque l&rsquo;on veut &#8230;. on peut !\u00a0\u00a0<\/strong><\/em><strong><br> <\/strong><em><strong>Le R\u00e9unionnais Jean-Louis Prianon a accept\u00e9 de venir \u00e9changer avec les \u00e9l\u00e8ves du Lyc\u00e9e Sarda Garriga dans le cadre de l&rsquo;Association Sportive\u00a0 sur les th\u00e8mes: \u00ab\u00a0Parcours d&rsquo;un sportif \u00a0\u00bb ,\u00a0\u00bbMotivation, cl\u00e9 de vo\u00fbte de la r\u00e9ussite\u00a0\u00bb.<\/strong><\/em><strong><br> \u00a0<\/strong><em><strong>Cette rencontre est ouverte \u00e0 tous, il suffit d&rsquo;\u00eatre \u00e0 l&rsquo;heure, en tenue de sport (sait-on jamais&#8230;) et d&rsquo;avoir cherch\u00e9 sur Internet qui est ce grand Monsieur de l&rsquo;Athl\u00e9tisme Fran\u00e7ais (sa sp\u00e9cialit\u00e9,son palmar\u00e8s,quelques anecdotes \u00e9ventuelles) afin de rendre les \u00e9changes vivants et conviviaux. Attention &#8230;. Jean-Louis Prianon adore les d\u00e9fis, il est tr\u00e8s joueur et il pourrait vous poser quelques questions \u00ab\u00a0pour un champion\u00a0\u00bb !! Vous pouvez, de votre c\u00f4t\u00e9, pr\u00e9parer des questions,il sera ravi d&rsquo;y r\u00e9pondre.<\/strong><\/em><strong><br> \u00a0<\/strong><em><strong>Pour des informations compl\u00e9mentaires, prenez contact avec Mme Pezin, Professeur d&rsquo;EPS.<\/strong><\/em><strong><br> \u00a0<\/strong><em><strong>Profitez de cette opportunit\u00e9 !!!!!\u00a0\u00bb<\/strong><\/em><strong><br><\/strong><\/p><p><strong>Mme Pezin, Professeur d&rsquo;EPS<br> <br> <\/strong><\/p><\/blockquote>\n\n\n\n<p><\/p>\n","protected":false},"excerpt":{"rendered":"<p>Venue J.L Prianon au Lyc\u00e9e &#8211; A ne pas manquer ! \u00a0\u00ab\u00a0\u00ab\u00a0Pour r\u00e9ussir, il faut forcer le destin\u00a0\u00bb \u00a0Il a fini 4\u00e8me aux Jeux olympiques d\u2019\u00e9t\u00e9 de S\u00e9oul en 1988, son parcours sportif est exemplaire, il oeuvre r\u00e9guli\u00e8rement en faveur des jeunes et aime leur transmettre sa passion et sa volont\u00e9 de r\u00e9ussir, afin qu&rsquo;\u00e0 [&hellip;]<\/p>\n","protected":false},"author":2934,"featured_media":3503,"comment_status":"closed","ping_status":"closed","sticky":false,"template":"","format":"standard","meta":{"footnotes":"","_links_to":"","_links_to_target":""},"categories":[1],"tags":[],"class_list":["post-3491","post","type-post","status-publish","format-standard","has-post-thumbnail","hentry","category-non-classe"],"_links":{"self":[{"href":"https:\/\/etab.ac-reunion.fr\/lyc-sarda-garriga\/wp-json\/wp\/v2\/posts\/3491","targetHints":{"allow":["GET"]}}],"collection":[{"href":"https:\/\/etab.ac-reunion.fr\/lyc-sarda-garriga\/wp-json\/wp\/v2\/posts"}],"about":[{"href":"https:\/\/etab.ac-reunion.fr\/lyc-sarda-garriga\/wp-json\/wp\/v2\/types\/post"}],"author":[{"embeddable":true,"href":"https:\/\/etab.ac-reunion.fr\/lyc-sarda-garriga\/wp-json\/wp\/v2\/users\/2934"}],"replies":[{"embeddable":true,"href":"https:\/\/etab.ac-reunion.fr\/lyc-sarda-garriga\/wp-json\/wp\/v2\/comments?post=3491"}],"version-history":[{"count":4,"href":"https:\/\/etab.ac-reunion.fr\/lyc-sarda-garriga\/wp-json\/wp\/v2\/posts\/3491\/revisions"}],"predecessor-version":[{"id":3498,"href":"https:\/\/etab.ac-reunion.fr\/lyc-sarda-garriga\/wp-json\/wp\/v2\/posts\/3491\/revisions\/3498"}],"wp:featuredmedia":[{"embeddable":true,"href":"https:\/\/etab.ac-reunion.fr\/lyc-sarda-garriga\/wp-json\/wp\/v2\/media\/3503"}],"wp:attachment":[{"href":"https:\/\/etab.ac-reunion.fr\/lyc-sarda-garriga\/wp-json\/wp\/v2\/media?parent=3491"}],"wp:term":[{"taxonomy":"category","embeddable":true,"href":"https:\/\/etab.ac-reunion.fr\/lyc-sarda-garriga\/wp-json\/wp\/v2\/categories?post=3491"},{"taxonomy":"post_tag","embeddable":true,"href":"https:\/\/etab.ac-reunion.fr\/lyc-sarda-garriga\/wp-json\/wp\/v2\/tags?post=3491"}],"curies":[{"name":"wp","href":"https:\/\/api.w.org\/{rel}","templated":true}]}}