{"id":4920,"date":"2022-08-19T09:40:00","date_gmt":"2022-08-19T05:40:00","guid":{"rendered":"http:\/\/lycee-sarda-garriga.ac-reunion.fr\/?p=4920"},"modified":"2025-06-04T00:03:07","modified_gmt":"2025-06-03T20:03:07","slug":"ag-de-las-save-the-date-mercredi-31-aout-2022-a-partir-de-11h45-au-gymnase-m-debre","status":"publish","type":"post","link":"https:\/\/etab.ac-reunion.fr\/lyc-sarda-garriga\/2022\/08\/19\/ag-de-las-save-the-date-mercredi-31-aout-2022-a-partir-de-11h45-au-gymnase-m-debre\/","title":{"rendered":"AG de l&rsquo;AS &#8230;.SAVE THE DATE ! Mercredi 31 ao\u00fbt 2022 \u00e0 partir de 11h45 au gymnase M.Debr\u00e9"},"content":{"rendered":"\n<p class=\"has-text-align-left\">Une nouvelle et belle ann\u00e9e, pleine de sensations, s&rsquo;annonce !!!<br>\u00c9l\u00e8ves, Parents, Enseignants, Membres de la communaut\u00e9 \u00e9ducative et p\u00e9dagogique, Agents et toute autre \u00e2me sportive, vous \u00eates attendus nombreux, avec plaisir , \u00e0 l&rsquo;Assembl\u00e9e g\u00e9n\u00e9rale de l&rsquo;Association sportive du Lyc\u00e9e Sarda Garriga pour un moment de partage convivial autour de la pratique physique et sportive.<\/p>\n\n\n\n<p class=\"has-text-align-left\"><br><strong><mark class=\"has-inline-color has-vivid-cyan-blue-color\">Au programme:<\/mark><\/strong><br>1\/\u00a0 Informations utiles sur le fonctionnement de l&rsquo;association sportive, les activit\u00e9s, sorties et formations propos\u00e9es tout au long de l&rsquo;ann\u00e9e, les avantages Parcoursup, les possibilit\u00e9s d&rsquo;engagement et d&rsquo;aide \u00e0 l&rsquo;encadrement au sein de l&rsquo;AS<br>2\/\u00a0 Buffet partage sal\u00e9 sucr\u00e9 + boissons, offerts par l&rsquo;AS<br>3 \/ Activit\u00e9s et \u00e9changes pour ceux qui le souhaitent.<\/p>\n\n\n\n<p class=\"has-text-align-center\"><br><strong><mark class=\"has-inline-color has-vivid-red-color\">N&rsquo;oubliez votre tenue si vous souhaitez pratiquer !<br>Merci de bien vouloir confirmer votre pr\u00e9sence au bureau EPS aupr\u00e8s d&rsquo;un enseignant ou via la messagerie p\u00e9dagogique aupr\u00e8s de votre professeur d&rsquo;EPS<\/mark><\/strong><\/p>\n\n\n\n<p class=\"has-text-align-right\"><br>A tr\u00e8s vite. Sportivement\u00a0<br>Pour l&rsquo;\u00e9quipe EPS. Mme Pezin , secr\u00e9taire AS<\/p>\n\n\n\n<p><\/p>\n\n\n\n<p class=\"has-text-align-right\">\u00a0<\/p>\n","protected":false},"excerpt":{"rendered":"<p>Une nouvelle et belle ann\u00e9e, pleine de sensations, s&rsquo;annonce !!!\u00c9l\u00e8ves, Parents, Enseignants, Membres de la communaut\u00e9 \u00e9ducative et p\u00e9dagogique, Agents et toute autre \u00e2me sportive, vous \u00eates attendus nombreux, avec plaisir , \u00e0 l&rsquo;Assembl\u00e9e g\u00e9n\u00e9rale de l&rsquo;Association sportive du Lyc\u00e9e Sarda Garriga pour un moment de partage convivial autour de la pratique physique et sportive. [&hellip;]<\/p>\n","protected":false},"author":2934,"featured_media":3509,"comment_status":"closed","ping_status":"closed","sticky":false,"template":"","format":"standard","meta":{"footnotes":"","_links_to":"","_links_to_target":""},"categories":[1],"tags":[],"class_list":["post-4920","post","type-post","status-publish","format-standard","has-post-thumbnail","hentry","category-non-classe"],"_links":{"self":[{"href":"https:\/\/etab.ac-reunion.fr\/lyc-sarda-garriga\/wp-json\/wp\/v2\/posts\/4920","targetHints":{"allow":["GET"]}}],"collection":[{"href":"https:\/\/etab.ac-reunion.fr\/lyc-sarda-garriga\/wp-json\/wp\/v2\/posts"}],"about":[{"href":"https:\/\/etab.ac-reunion.fr\/lyc-sarda-garriga\/wp-json\/wp\/v2\/types\/post"}],"author":[{"embeddable":true,"href":"https:\/\/etab.ac-reunion.fr\/lyc-sarda-garriga\/wp-json\/wp\/v2\/users\/2934"}],"replies":[{"embeddable":true,"href":"https:\/\/etab.ac-reunion.fr\/lyc-sarda-garriga\/wp-json\/wp\/v2\/comments?post=4920"}],"version-history":[{"count":2,"href":"https:\/\/etab.ac-reunion.fr\/lyc-sarda-garriga\/wp-json\/wp\/v2\/posts\/4920\/revisions"}],"predecessor-version":[{"id":6062,"href":"https:\/\/etab.ac-reunion.fr\/lyc-sarda-garriga\/wp-json\/wp\/v2\/posts\/4920\/revisions\/6062"}],"wp:featuredmedia":[{"embeddable":true,"href":"https:\/\/etab.ac-reunion.fr\/lyc-sarda-garriga\/wp-json\/wp\/v2\/media\/3509"}],"wp:attachment":[{"href":"https:\/\/etab.ac-reunion.fr\/lyc-sarda-garriga\/wp-json\/wp\/v2\/media?parent=4920"}],"wp:term":[{"taxonomy":"category","embeddable":true,"href":"https:\/\/etab.ac-reunion.fr\/lyc-sarda-garriga\/wp-json\/wp\/v2\/categories?post=4920"},{"taxonomy":"post_tag","embeddable":true,"href":"https:\/\/etab.ac-reunion.fr\/lyc-sarda-garriga\/wp-json\/wp\/v2\/tags?post=4920"}],"curies":[{"name":"wp","href":"https:\/\/api.w.org\/{rel}","templated":true}]}}