{"id":5198,"date":"2021-10-15T11:36:33","date_gmt":"2021-10-15T07:36:33","guid":{"rendered":"http:\/\/lycee-sarda-garriga.ac-reunion.fr\/?p=5198"},"modified":"2025-06-04T00:02:13","modified_gmt":"2025-06-03T20:02:13","slug":"halloween-au-lycee-vendredi-29-octobre","status":"publish","type":"post","link":"https:\/\/etab.ac-reunion.fr\/lyc-sarda-garriga\/2021\/10\/15\/halloween-au-lycee-vendredi-29-octobre\/","title":{"rendered":"Halloween au lyc\u00e9e &#8211;  vendredi 29 octobre !"},"content":{"rendered":"\n<p>Un concours de d\u00e9guisement avec remise de prix se d\u00e9roulera au sein de notre \u00e9tablissement, le vendredi 29 octobre 2021, durant le temps de la pause m\u00e9ridienne de 12h15 \u00e0 13h, \u00e0 l&rsquo;occasion de la f\u00eate folklorique d&rsquo;halloween.&nbsp;Mme TAYLLAMIN se tient \u00e0 votre disposition pour de plus amples informations&nbsp; &nbsp; &nbsp; &nbsp;&nbsp;<\/p>\n","protected":false},"excerpt":{"rendered":"<p>Un concours de d\u00e9guisement avec remise de prix se d\u00e9roulera au sein de notre \u00e9tablissement, le vendredi 29 octobre 2021, durant le temps de la pause m\u00e9ridienne de 12h15 \u00e0 13h, \u00e0 l&rsquo;occasion de la f\u00eate folklorique d&rsquo;halloween.&nbsp;Mme TAYLLAMIN se tient \u00e0 votre disposition pour de plus amples informations&nbsp; &nbsp; &nbsp; &nbsp;&nbsp;<\/p>\n","protected":false},"author":2934,"featured_media":5199,"comment_status":"closed","ping_status":"closed","sticky":false,"template":"","format":"standard","meta":{"footnotes":"","_links_to":"","_links_to_target":""},"categories":[1],"tags":[],"class_list":["post-5198","post","type-post","status-publish","format-standard","has-post-thumbnail","hentry","category-non-classe"],"_links":{"self":[{"href":"https:\/\/etab.ac-reunion.fr\/lyc-sarda-garriga\/wp-json\/wp\/v2\/posts\/5198","targetHints":{"allow":["GET"]}}],"collection":[{"href":"https:\/\/etab.ac-reunion.fr\/lyc-sarda-garriga\/wp-json\/wp\/v2\/posts"}],"about":[{"href":"https:\/\/etab.ac-reunion.fr\/lyc-sarda-garriga\/wp-json\/wp\/v2\/types\/post"}],"author":[{"embeddable":true,"href":"https:\/\/etab.ac-reunion.fr\/lyc-sarda-garriga\/wp-json\/wp\/v2\/users\/2934"}],"replies":[{"embeddable":true,"href":"https:\/\/etab.ac-reunion.fr\/lyc-sarda-garriga\/wp-json\/wp\/v2\/comments?post=5198"}],"version-history":[{"count":1,"href":"https:\/\/etab.ac-reunion.fr\/lyc-sarda-garriga\/wp-json\/wp\/v2\/posts\/5198\/revisions"}],"predecessor-version":[{"id":5200,"href":"https:\/\/etab.ac-reunion.fr\/lyc-sarda-garriga\/wp-json\/wp\/v2\/posts\/5198\/revisions\/5200"}],"wp:featuredmedia":[{"embeddable":true,"href":"https:\/\/etab.ac-reunion.fr\/lyc-sarda-garriga\/wp-json\/wp\/v2\/media\/5199"}],"wp:attachment":[{"href":"https:\/\/etab.ac-reunion.fr\/lyc-sarda-garriga\/wp-json\/wp\/v2\/media?parent=5198"}],"wp:term":[{"taxonomy":"category","embeddable":true,"href":"https:\/\/etab.ac-reunion.fr\/lyc-sarda-garriga\/wp-json\/wp\/v2\/categories?post=5198"},{"taxonomy":"post_tag","embeddable":true,"href":"https:\/\/etab.ac-reunion.fr\/lyc-sarda-garriga\/wp-json\/wp\/v2\/tags?post=5198"}],"curies":[{"name":"wp","href":"https:\/\/api.w.org\/{rel}","templated":true}]}}