{"id":5290,"date":"2021-12-02T21:53:51","date_gmt":"2021-12-02T17:53:51","guid":{"rendered":"http:\/\/lycee-sarda-garriga.ac-reunion.fr\/?p=5290"},"modified":"2025-06-04T00:02:26","modified_gmt":"2025-06-03T20:02:26","slug":"egalite-femmes-hommes","status":"publish","type":"post","link":"https:\/\/etab.ac-reunion.fr\/lyc-sarda-garriga\/2021\/12\/02\/egalite-femmes-hommes\/","title":{"rendered":"Egalit\u00e9 Femmes Hommes"},"content":{"rendered":"\n<p>Les d\u00e9l\u00e9gu\u00e9s du CVL en lien avec des \u00e9l\u00e8ves de la sp\u00e9cialit\u00e9 NSI ont particip\u00e9  au concours vid\u00e9o organis\u00e9 par l\u2019association CHANCEGAL, qui \u0153uvre&nbsp;pour l&rsquo;int\u00e9gration de l\u2019\u00e9galit\u00e9 entre les femmes et les hommes. <\/p>\n\n\n\n<p><a href=\"https:\/\/etab.ac-reunion.fr\/lyc-sarda-garriga\/egalite-femmes-hommes\/\" target=\"_blank\" rel=\"noreferrer noopener\">En savoir plus <\/a><\/p>\n\n\n\n<p><\/p>\n\n\n\n<p><\/p>\n","protected":false},"excerpt":{"rendered":"<p>Les d\u00e9l\u00e9gu\u00e9s du CVL en lien avec des \u00e9l\u00e8ves de la sp\u00e9cialit\u00e9 NSI ont particip\u00e9 au concours vid\u00e9o organis\u00e9 par l\u2019association CHANCEGAL, qui \u0153uvre&nbsp;pour l&rsquo;int\u00e9gration de l\u2019\u00e9galit\u00e9 entre les femmes et les hommes. En savoir plus<\/p>\n","protected":false},"author":2934,"featured_media":5293,"comment_status":"closed","ping_status":"closed","sticky":false,"template":"","format":"standard","meta":{"footnotes":"","_links_to":"","_links_to_target":""},"categories":[1],"tags":[],"class_list":["post-5290","post","type-post","status-publish","format-standard","has-post-thumbnail","hentry","category-non-classe"],"_links":{"self":[{"href":"https:\/\/etab.ac-reunion.fr\/lyc-sarda-garriga\/wp-json\/wp\/v2\/posts\/5290","targetHints":{"allow":["GET"]}}],"collection":[{"href":"https:\/\/etab.ac-reunion.fr\/lyc-sarda-garriga\/wp-json\/wp\/v2\/posts"}],"about":[{"href":"https:\/\/etab.ac-reunion.fr\/lyc-sarda-garriga\/wp-json\/wp\/v2\/types\/post"}],"author":[{"embeddable":true,"href":"https:\/\/etab.ac-reunion.fr\/lyc-sarda-garriga\/wp-json\/wp\/v2\/users\/2934"}],"replies":[{"embeddable":true,"href":"https:\/\/etab.ac-reunion.fr\/lyc-sarda-garriga\/wp-json\/wp\/v2\/comments?post=5290"}],"version-history":[{"count":2,"href":"https:\/\/etab.ac-reunion.fr\/lyc-sarda-garriga\/wp-json\/wp\/v2\/posts\/5290\/revisions"}],"predecessor-version":[{"id":5295,"href":"https:\/\/etab.ac-reunion.fr\/lyc-sarda-garriga\/wp-json\/wp\/v2\/posts\/5290\/revisions\/5295"}],"wp:featuredmedia":[{"embeddable":true,"href":"https:\/\/etab.ac-reunion.fr\/lyc-sarda-garriga\/wp-json\/wp\/v2\/media\/5293"}],"wp:attachment":[{"href":"https:\/\/etab.ac-reunion.fr\/lyc-sarda-garriga\/wp-json\/wp\/v2\/media?parent=5290"}],"wp:term":[{"taxonomy":"category","embeddable":true,"href":"https:\/\/etab.ac-reunion.fr\/lyc-sarda-garriga\/wp-json\/wp\/v2\/categories?post=5290"},{"taxonomy":"post_tag","embeddable":true,"href":"https:\/\/etab.ac-reunion.fr\/lyc-sarda-garriga\/wp-json\/wp\/v2\/tags?post=5290"}],"curies":[{"name":"wp","href":"https:\/\/api.w.org\/{rel}","templated":true}]}}