{"id":9147,"date":"2025-06-06T12:18:19","date_gmt":"2025-06-06T08:18:19","guid":{"rendered":"https:\/\/etab.ac-reunion.fr\/lyc-sarda-garriga\/?p=9147"},"modified":"2025-06-06T13:16:21","modified_gmt":"2025-06-06T09:16:21","slug":"pix-attestation","status":"publish","type":"post","link":"https:\/\/etab.ac-reunion.fr\/lyc-sarda-garriga\/2025\/06\/06\/pix-attestation\/","title":{"rendered":"PIX- Attestation"},"content":{"rendered":"\n<p>Les \u00e9l\u00e8ves en terminale, certifi\u00e9s PIX,&nbsp; peuvent&nbsp; r\u00e9cup\u00e9rer leurs attestations directement sous leur acc\u00e8s PIX \u00e0 travers metice &gt; Onglet Ressources &gt; bouton PIX .<\/p>\n\n\n\n<p>Comme beaucoup d\u2019\u00e9l\u00e8ves quitteront le secondaire pour aller en post-baccalaur\u00e9at, ils n&rsquo;auront plus d&rsquo;acc\u00e8s \u00e0 metice.<\/p>\n\n\n\n<p>En vue de r\u00e9cup\u00e9rer l&rsquo;acc\u00e8s au compte PIX ils peuvent le demander \u00e0 partir de l&rsquo;adresse :<\/p>\n\n\n\n<p><a href=\"https:\/\/secure-web.cisco.com\/17n_drdpt5p1qSsF-gt4gkLewib1FW8GfMMWKdqHKZ0F8WSpjYcZITKzcMZKdu1J-UcjA6IWdWeEamMnn9WFTdw4FFP--vWLDzufmeFTZmv4x3QHm5RFcThvsJddfYBshSQF1L5QH63JrZ-g7S_r4PvbxNEjyfvaIRL8uqwkuOrpSH2V6jJRrePzojRo1q8IY0XxlIPcOQeUaAxL9dOHIclUpfI2Oa4u5WyNZCRw72uLCQ_E90RtqgpCnptvokQzQb14wyC5G4Bc-PlujN2fDR1InWH8onlvZbz_LjbYVQaf336h5TkcwPgVBVa688WIzhaNnsr-BMWmGLXIAmmoMqdrKCPMYTyx5GINB3N9W_jCB_aPIvO9Dr6o8PNNGuvEQlVRFm_TNfgRi0Tke0EMw-8kpr9G_6htxE9_Hg5j2Le8B8FHZEByoONf8ldcENeU8uS9c4uIN76lYmWNCetFLXD4UNvtFmypUDBHYtJW7o8uFnqV7EAnL-OBkigIqwkUR\/https%3A%2F%2Fpix.fr%2Fsupport%2Fenseignement-scolaire%2Fcollegien-ou-lyceen%2Fje-quitte-le-systeme-scolaire-comment-recuperer-mon-compte-pix\" target=\"_blank\" rel=\"noreferrer noopener\">https:\/\/pix.fr\/support\/enseignement-scolaire\/collegien-ou-lyceen\/je-quitte-le-systeme-scolaire-comment-recuperer-mon-compte-pix<\/a> .<\/p>\n","protected":false},"excerpt":{"rendered":"<p>Les \u00e9l\u00e8ves en terminale, certifi\u00e9s PIX,&nbsp; peuvent&nbsp; r\u00e9cup\u00e9rer leurs attestations directement sous leur acc\u00e8s PIX \u00e0 travers metice &gt; Onglet Ressources &gt; bouton PIX . Comme beaucoup d\u2019\u00e9l\u00e8ves quitteront le secondaire pour aller en post-baccalaur\u00e9at, ils n&rsquo;auront plus d&rsquo;acc\u00e8s \u00e0 metice. En vue de r\u00e9cup\u00e9rer l&rsquo;acc\u00e8s au compte PIX ils peuvent le demander \u00e0 partir [&hellip;]<\/p>\n","protected":false},"author":2934,"featured_media":4573,"comment_status":"closed","ping_status":"closed","sticky":true,"template":"","format":"standard","meta":{"footnotes":"","_links_to":"","_links_to_target":""},"categories":[1,235],"tags":[],"class_list":["post-9147","post","type-post","status-publish","format-standard","has-post-thumbnail","hentry","category-non-classe","category-numerique"],"_links":{"self":[{"href":"https:\/\/etab.ac-reunion.fr\/lyc-sarda-garriga\/wp-json\/wp\/v2\/posts\/9147","targetHints":{"allow":["GET"]}}],"collection":[{"href":"https:\/\/etab.ac-reunion.fr\/lyc-sarda-garriga\/wp-json\/wp\/v2\/posts"}],"about":[{"href":"https:\/\/etab.ac-reunion.fr\/lyc-sarda-garriga\/wp-json\/wp\/v2\/types\/post"}],"author":[{"embeddable":true,"href":"https:\/\/etab.ac-reunion.fr\/lyc-sarda-garriga\/wp-json\/wp\/v2\/users\/2934"}],"replies":[{"embeddable":true,"href":"https:\/\/etab.ac-reunion.fr\/lyc-sarda-garriga\/wp-json\/wp\/v2\/comments?post=9147"}],"version-history":[{"count":1,"href":"https:\/\/etab.ac-reunion.fr\/lyc-sarda-garriga\/wp-json\/wp\/v2\/posts\/9147\/revisions"}],"predecessor-version":[{"id":9148,"href":"https:\/\/etab.ac-reunion.fr\/lyc-sarda-garriga\/wp-json\/wp\/v2\/posts\/9147\/revisions\/9148"}],"wp:featuredmedia":[{"embeddable":true,"href":"https:\/\/etab.ac-reunion.fr\/lyc-sarda-garriga\/wp-json\/wp\/v2\/media\/4573"}],"wp:attachment":[{"href":"https:\/\/etab.ac-reunion.fr\/lyc-sarda-garriga\/wp-json\/wp\/v2\/media?parent=9147"}],"wp:term":[{"taxonomy":"category","embeddable":true,"href":"https:\/\/etab.ac-reunion.fr\/lyc-sarda-garriga\/wp-json\/wp\/v2\/categories?post=9147"},{"taxonomy":"post_tag","embeddable":true,"href":"https:\/\/etab.ac-reunion.fr\/lyc-sarda-garriga\/wp-json\/wp\/v2\/tags?post=9147"}],"curies":[{"name":"wp","href":"https:\/\/api.w.org\/{rel}","templated":true}]}}