{"id":9629,"date":"2025-09-25T21:40:05","date_gmt":"2025-09-25T17:40:05","guid":{"rendered":"https:\/\/etab.ac-reunion.fr\/lyc-sarda-garriga\/?p=9629"},"modified":"2025-09-25T21:41:12","modified_gmt":"2025-09-25T17:41:12","slug":"elections-des-representants-de-parents-deleves-par-vote-electronique-mentions-dinformation-aux-electeurs","status":"publish","type":"post","link":"https:\/\/etab.ac-reunion.fr\/lyc-sarda-garriga\/2025\/09\/25\/elections-des-representants-de-parents-deleves-par-vote-electronique-mentions-dinformation-aux-electeurs\/","title":{"rendered":"\u00c9lections des repr\u00e9sentants de parents d&rsquo;\u00e9l\u00e8ves par vote \u00e9lectronique : mentions d&rsquo;information aux \u00e9lecteurs"},"content":{"rendered":"\n<div class=\"wp-block-buttons is-content-justification-center is-layout-flex wp-container-core-buttons-is-layout-16018d1d wp-block-buttons-is-layout-flex\">\n<div class=\"wp-block-button\"><a class=\"wp-block-button__link has-text-align-center wp-element-button\" href=\"https:\/\/etab.ac-reunion.fr\/lyc-sarda-garriga\/wp-content\/uploads\/sites\/98\/2025\/09\/RGPD_Elections-des-representants-des-parents-deleves-dans-les-etablissements-du-second-degre-via-pronote.pdf?fbclid=IwY2xjawNCW5BleHRuA2FlbQIxMABicmlkETBvS0RYRGo1b0YwWjNmZUtkAR42A-IgfLzcPnRINOauITEXNaImdWC1UZ8lEgF4qICrJq3iqaAxxII-QaxQcg_aem_uU29zIpSgtejfBpSl8PChQ\" target=\"_blank\" rel=\"noreferrer noopener\">Fichier d&rsquo;information en .pdf<\/a><\/div>\n<\/div>\n\n\n\n<p><\/p>\n\n\n\n<div data-wp-interactive=\"core\/file\" class=\"wp-block-file\"><object data-wp-bind--hidden=\"!state.hasPdfPreview\" hidden class=\"wp-block-file__embed\" data=\"https:\/\/etab.ac-reunion.fr\/lyc-sarda-garriga\/wp-content\/uploads\/sites\/98\/2025\/09\/RGPD_Elections-des-representants-des-parents-deleves-dans-les-etablissements-du-second-degre-via-pronote.pdf\" type=\"application\/pdf\" style=\"width:100%;height:640px\" aria-label=\"PDF embarqu\u00e9\"><\/object><\/div>\n","protected":false},"excerpt":{"rendered":"","protected":false},"author":2934,"featured_media":9631,"comment_status":"closed","ping_status":"closed","sticky":true,"template":"","format":"standard","meta":{"footnotes":"","_links_to":"","_links_to_target":""},"categories":[1],"tags":[249,120],"class_list":["post-9629","post","type-post","status-publish","format-standard","has-post-thumbnail","hentry","category-non-classe","tag-elections","tag-parents"],"_links":{"self":[{"href":"https:\/\/etab.ac-reunion.fr\/lyc-sarda-garriga\/wp-json\/wp\/v2\/posts\/9629","targetHints":{"allow":["GET"]}}],"collection":[{"href":"https:\/\/etab.ac-reunion.fr\/lyc-sarda-garriga\/wp-json\/wp\/v2\/posts"}],"about":[{"href":"https:\/\/etab.ac-reunion.fr\/lyc-sarda-garriga\/wp-json\/wp\/v2\/types\/post"}],"author":[{"embeddable":true,"href":"https:\/\/etab.ac-reunion.fr\/lyc-sarda-garriga\/wp-json\/wp\/v2\/users\/2934"}],"replies":[{"embeddable":true,"href":"https:\/\/etab.ac-reunion.fr\/lyc-sarda-garriga\/wp-json\/wp\/v2\/comments?post=9629"}],"version-history":[{"count":2,"href":"https:\/\/etab.ac-reunion.fr\/lyc-sarda-garriga\/wp-json\/wp\/v2\/posts\/9629\/revisions"}],"predecessor-version":[{"id":9633,"href":"https:\/\/etab.ac-reunion.fr\/lyc-sarda-garriga\/wp-json\/wp\/v2\/posts\/9629\/revisions\/9633"}],"wp:featuredmedia":[{"embeddable":true,"href":"https:\/\/etab.ac-reunion.fr\/lyc-sarda-garriga\/wp-json\/wp\/v2\/media\/9631"}],"wp:attachment":[{"href":"https:\/\/etab.ac-reunion.fr\/lyc-sarda-garriga\/wp-json\/wp\/v2\/media?parent=9629"}],"wp:term":[{"taxonomy":"category","embeddable":true,"href":"https:\/\/etab.ac-reunion.fr\/lyc-sarda-garriga\/wp-json\/wp\/v2\/categories?post=9629"},{"taxonomy":"post_tag","embeddable":true,"href":"https:\/\/etab.ac-reunion.fr\/lyc-sarda-garriga\/wp-json\/wp\/v2\/tags?post=9629"}],"curies":[{"name":"wp","href":"https:\/\/api.w.org\/{rel}","templated":true}]}}