{"id":9980,"date":"2026-04-17T13:58:54","date_gmt":"2026-04-17T09:58:54","guid":{"rendered":"https:\/\/etab.ac-reunion.fr\/lyc-sarda-garriga\/?p=9980"},"modified":"2026-04-17T15:37:05","modified_gmt":"2026-04-17T11:37:05","slug":"rencontres-academiques-de-theatre-en-espagnol","status":"publish","type":"post","link":"https:\/\/etab.ac-reunion.fr\/lyc-sarda-garriga\/2026\/04\/17\/rencontres-academiques-de-theatre-en-espagnol\/","title":{"rendered":"Rencontres acad\u00e9miques de th\u00e9\u00e2tre en espagnol"},"content":{"rendered":"\n<p>Le lundi 25 mars les \u00e9l\u00e8ves de l&rsquo;atelier th\u00e9\u00e2tre en espagnol ont eu l&rsquo;opportunit\u00e9 de participer \u00e0 la11\u00e8me \u00e9dition des rencontres acad\u00e9miques de th\u00e9\u00e2tre aupr\u00e8s de 6 autres \u00e9tablissements participants.<\/p>\n\n\n\n<p>Durant cette journ\u00e9e les \u00e9l\u00e8ves ont pu effectuer une prestation th\u00e9\u00e2trale en pr\u00e9sence de Mme l&rsquo; Inspectrice. Un travail de plusieurs mois, men\u00e9 par les professeures d&rsquo;espagnol Mme ANAMA et Mme POININ-COULIN, accompagn\u00e9es par la metteuse en sc\u00e8ne Mathilde AGLIO de la troupe th\u00e9\u00e2trale Cies Singes Savants.<\/p>\n\n\n\n<p><\/p>\n","protected":false},"excerpt":{"rendered":"<p>Le lundi 25 mars les \u00e9l\u00e8ves de l&rsquo;atelier th\u00e9\u00e2tre en espagnol ont eu l&rsquo;opportunit\u00e9 de participer \u00e0 la11\u00e8me \u00e9dition des rencontres acad\u00e9miques de th\u00e9\u00e2tre aupr\u00e8s de 6 autres \u00e9tablissements participants. Durant cette journ\u00e9e les \u00e9l\u00e8ves ont pu effectuer une prestation th\u00e9\u00e2trale en pr\u00e9sence de Mme l&rsquo; Inspectrice. Un travail de plusieurs mois, men\u00e9 par les [&hellip;]<\/p>\n","protected":false},"author":2934,"featured_media":9977,"comment_status":"closed","ping_status":"closed","sticky":true,"template":"","format":"standard","meta":{"footnotes":"","_links_to":"","_links_to_target":""},"categories":[1],"tags":[],"class_list":["post-9980","post","type-post","status-publish","format-standard","has-post-thumbnail","hentry","category-non-classe"],"_links":{"self":[{"href":"https:\/\/etab.ac-reunion.fr\/lyc-sarda-garriga\/wp-json\/wp\/v2\/posts\/9980","targetHints":{"allow":["GET"]}}],"collection":[{"href":"https:\/\/etab.ac-reunion.fr\/lyc-sarda-garriga\/wp-json\/wp\/v2\/posts"}],"about":[{"href":"https:\/\/etab.ac-reunion.fr\/lyc-sarda-garriga\/wp-json\/wp\/v2\/types\/post"}],"author":[{"embeddable":true,"href":"https:\/\/etab.ac-reunion.fr\/lyc-sarda-garriga\/wp-json\/wp\/v2\/users\/2934"}],"replies":[{"embeddable":true,"href":"https:\/\/etab.ac-reunion.fr\/lyc-sarda-garriga\/wp-json\/wp\/v2\/comments?post=9980"}],"version-history":[{"count":2,"href":"https:\/\/etab.ac-reunion.fr\/lyc-sarda-garriga\/wp-json\/wp\/v2\/posts\/9980\/revisions"}],"predecessor-version":[{"id":9986,"href":"https:\/\/etab.ac-reunion.fr\/lyc-sarda-garriga\/wp-json\/wp\/v2\/posts\/9980\/revisions\/9986"}],"wp:featuredmedia":[{"embeddable":true,"href":"https:\/\/etab.ac-reunion.fr\/lyc-sarda-garriga\/wp-json\/wp\/v2\/media\/9977"}],"wp:attachment":[{"href":"https:\/\/etab.ac-reunion.fr\/lyc-sarda-garriga\/wp-json\/wp\/v2\/media?parent=9980"}],"wp:term":[{"taxonomy":"category","embeddable":true,"href":"https:\/\/etab.ac-reunion.fr\/lyc-sarda-garriga\/wp-json\/wp\/v2\/categories?post=9980"},{"taxonomy":"post_tag","embeddable":true,"href":"https:\/\/etab.ac-reunion.fr\/lyc-sarda-garriga\/wp-json\/wp\/v2\/tags?post=9980"}],"curies":[{"name":"wp","href":"https:\/\/api.w.org\/{rel}","templated":true}]}}