{"id":2866,"date":"2018-07-18T18:00:18","date_gmt":"2018-07-18T14:00:18","guid":{"rendered":"http:\/\/lycee-3bassins.ac-reunion.fr\/?p=2866"},"modified":"2018-07-18T18:01:25","modified_gmt":"2018-07-18T14:01:25","slug":"reception-a-la-prefecture-pour-les-nouveaux-bacheliers-2018","status":"publish","type":"post","link":"https:\/\/etab.ac-reunion.fr\/lyc-trois-bassins\/reception-a-la-prefecture-pour-les-nouveaux-bacheliers-2018\/","title":{"rendered":"R\u00e9ception \u00e0 la Pr\u00e9fecture pour les nouveaux bacheliers 2018"},"content":{"rendered":"<p><strong> Harithi Soiffirou \u00e0 la pr\u00e9fecture<\/strong><\/p>\n<p><em><strong>M. Hivanoh\u00e9 a eu l&rsquo;honneur d&rsquo;accompagner son \u00e9l\u00e8ve \u00e0 la remise des dipl\u00f4mes des bacheliers \u00e0 la pr\u00e9fecture. Il nous fait un petit compte rendu.<\/strong><\/em><\/p>\n<p style=\"margin-bottom: .0001pt\">Ce vendredi 13 juillet 2018 restera grav\u00e9 dans la m\u00e9moire des jeunes bacheliers ayant eu les meilleurs r\u00e9sultats acad\u00e9miques. Ce sont 50 laur\u00e9ats qui ont \u00e9t\u00e9 convi\u00e9s \u00e0 cette c\u00e9r\u00e9monie de remise de dipl\u00f4me dans les salons d&rsquo;honneur de la Pr\u00e9fecture et parmi eux, Harithi Soiffirou, \u00e9l\u00e8ve au Lyc\u00e9e de Trois-Bassins.<\/p>\n<p style=\"margin-bottom: 0.0001pt;text-align: center\"><a href=\"https:\/\/etab.ac-reunion.fr\/lyc-trois-bassins\/wp-content\/uploads\/sites\/100\/2018\/07\/Soiffiri-avec-son-dipl\u00f4me.jpg\"><img loading=\"lazy\" decoding=\"async\" class=\"alignnone size-medium wp-image-2867\" src=\"https:\/\/etab.ac-reunion.fr\/lyc-trois-bassins\/wp-content\/uploads\/sites\/100\/2018\/07\/Soiffiri-avec-son-dipl\u00f4me-300x169.jpg\" alt=\"\" width=\"300\" height=\"169\" srcset=\"https:\/\/etab.ac-reunion.fr\/lyc-trois-bassins\/wp-content\/uploads\/sites\/100\/2018\/07\/Soiffiri-avec-son-dipl\u00f4me-300x169.jpg 300w, https:\/\/etab.ac-reunion.fr\/lyc-trois-bassins\/wp-content\/uploads\/sites\/100\/2018\/07\/Soiffiri-avec-son-dipl\u00f4me-150x84.jpg 150w, https:\/\/etab.ac-reunion.fr\/lyc-trois-bassins\/wp-content\/uploads\/sites\/100\/2018\/07\/Soiffiri-avec-son-dipl\u00f4me.jpg 800w\" sizes=\"(max-width: 300px) 100vw, 300px\" \/><\/a><\/p>\n<p style=\"margin-bottom: .0001pt\">En pr\u00e9sence du Pr\u00e9fet de la R\u00e9union, Amaury de Saint-Quentin et du Secr\u00e9taire G\u00e9n\u00e9ral du Rectorat, Francis Fonderflick, chaque laur\u00e9at a re\u00e7u un petit mot de f\u00e9licitations et d&rsquo;encouragement de la part de ces deux personnalit\u00e9s administratives.<\/p>\n<p style=\"margin-bottom: .0001pt\">Dans l&rsquo;ordre protocolaire, les bacheliers professionnels ont \u00e9t\u00e9 appel\u00e9s les premiers pour recevoir leur titre. C&rsquo;est le Secr\u00e9taire G\u00e9n\u00e9ral acad\u00e9mique qui a remis \u00e0 Soiffirou son dipl\u00f4me du Baccalaur\u00e9at Professionnel. Ensuite, les bacheliers technologiques, suivis des bacheliers g\u00e9n\u00e9raux ont aussi re\u00e7u leur s\u00e9same devant les parents \u00e0 la fois heureux et \u00e9mus.<\/p>\n<p style=\"margin-bottom: .0001pt\">Monsieur le Pr\u00e9fet a remerci\u00e9 les enseignants et les parents pour leur abn\u00e9gation dans la r\u00e9ussite de ces lyc\u00e9ens. Un pot d&rsquo;honneur a cl\u00f4tur\u00e9 cette belle journ\u00e9e et une photo officielle a \u00e9t\u00e9 r\u00e9alis\u00e9e sur laquelle l&rsquo;\u00e9l\u00e8ve Soiffirou Harithi figurait en bonne place, sous les yeux \u00e9merveill\u00e9s de sa m\u00e8re et de sa s\u0153ur.<\/p>\n\n\t\t<style type=\"text\/css\">\n\t\t\t#gallery-1 {\n\t\t\t\tmargin: auto;\n\t\t\t}\n\t\t\t#gallery-1 .gallery-item {\n\t\t\t\tfloat: left;\n\t\t\t\tmargin-top: 10px;\n\t\t\t\ttext-align: center;\n\t\t\t\twidth: 33%;\n\t\t\t}\n\t\t\t#gallery-1 img {\n\t\t\t\tborder: 2px solid #cfcfcf;\n\t\t\t}\n\t\t\t#gallery-1 .gallery-caption {\n\t\t\t\tmargin-left: 0;\n\t\t\t}\n\t\t\t\/* see gallery_shortcode() in wp-includes\/media.php *\/\n\t\t<\/style>\n\t\t<div id='gallery-1' class='gallery galleryid-2866 gallery-columns-3 gallery-size-thumbnail'><dl class='gallery-item'>\n\t\t\t<dt class='gallery-icon landscape'>\n\t\t\t\t<a href='https:\/\/etab.ac-reunion.fr\/lyc-trois-bassins\/wp-content\/uploads\/sites\/100\/2018\/07\/Discours-des-personnalit\u00e9s-administratives.jpg'><img loading=\"lazy\" decoding=\"async\" width=\"150\" height=\"150\" src=\"https:\/\/etab.ac-reunion.fr\/lyc-trois-bassins\/wp-content\/uploads\/sites\/100\/2018\/07\/Discours-des-personnalit\u00e9s-administratives-150x150.jpg\" class=\"attachment-thumbnail size-thumbnail\" alt=\"\" aria-describedby=\"gallery-1-2868\" \/><\/a>\n\t\t\t<\/dt>\n\t\t\t\t<dd class='wp-caption-text gallery-caption' id='gallery-1-2868'>\n\t\t\t\tDiscours du secr\u00e9taire g\u00e9n\u00e9rale du rectorat\n\t\t\t\t<\/dd><\/dl><dl class='gallery-item'>\n\t\t\t<dt class='gallery-icon landscape'>\n\t\t\t\t<a href='https:\/\/etab.ac-reunion.fr\/lyc-trois-bassins\/wp-content\/uploads\/sites\/100\/2018\/07\/Les-bacheliers-2018-\u00e0-lhonneur.jpg'><img loading=\"lazy\" decoding=\"async\" width=\"150\" height=\"150\" src=\"https:\/\/etab.ac-reunion.fr\/lyc-trois-bassins\/wp-content\/uploads\/sites\/100\/2018\/07\/Les-bacheliers-2018-\u00e0-lhonneur-150x150.jpg\" class=\"attachment-thumbnail size-thumbnail\" alt=\"\" aria-describedby=\"gallery-1-2869\" \/><\/a>\n\t\t\t<\/dt>\n\t\t\t\t<dd class='wp-caption-text gallery-caption' id='gallery-1-2869'>\n\t\t\t\tLes bacheliers \u00e0 l&rsquo;\u00e9coute\n\t\t\t\t<\/dd><\/dl><dl class='gallery-item'>\n\t\t\t<dt class='gallery-icon portrait'>\n\t\t\t\t<a href='https:\/\/etab.ac-reunion.fr\/lyc-trois-bassins\/wp-content\/uploads\/sites\/100\/2018\/07\/M.-Hivanoh\u00e9-heureux-avec-son-\u00e9l\u00e8ve-et-le-pr\u00e9fet.jpg'><img loading=\"lazy\" decoding=\"async\" width=\"150\" height=\"150\" src=\"https:\/\/etab.ac-reunion.fr\/lyc-trois-bassins\/wp-content\/uploads\/sites\/100\/2018\/07\/M.-Hivanoh\u00e9-heureux-avec-son-\u00e9l\u00e8ve-et-le-pr\u00e9fet-150x150.jpg\" class=\"attachment-thumbnail size-thumbnail\" alt=\"\" aria-describedby=\"gallery-1-2870\" \/><\/a>\n\t\t\t<\/dt>\n\t\t\t\t<dd class='wp-caption-text gallery-caption' id='gallery-1-2870'>\n\t\t\t\tM. Hivanoh\u00e9, M. Le pr\u00e9fet et Soiffirou\n\t\t\t\t<\/dd><\/dl><br style=\"clear: both\" \/><dl class='gallery-item'>\n\t\t\t<dt class='gallery-icon landscape'>\n\t\t\t\t<a href='https:\/\/etab.ac-reunion.fr\/lyc-trois-bassins\/wp-content\/uploads\/sites\/100\/2018\/07\/Remise-de-dipl\u00f4me-\u00e0-la-Pr\u00e9fecture.jpg'><img loading=\"lazy\" decoding=\"async\" width=\"150\" height=\"150\" src=\"https:\/\/etab.ac-reunion.fr\/lyc-trois-bassins\/wp-content\/uploads\/sites\/100\/2018\/07\/Remise-de-dipl\u00f4me-\u00e0-la-Pr\u00e9fecture-150x150.jpg\" class=\"attachment-thumbnail size-thumbnail\" alt=\"\" aria-describedby=\"gallery-1-2871\" \/><\/a>\n\t\t\t<\/dt>\n\t\t\t\t<dd class='wp-caption-text gallery-caption' id='gallery-1-2871'>\n\t\t\t\tPhoto officielle apr\u00e8s la remise des dipl\u00f4mes\n\t\t\t\t<\/dd><\/dl><dl class='gallery-item'>\n\t\t\t<dt class='gallery-icon landscape'>\n\t\t\t\t<a href='https:\/\/etab.ac-reunion.fr\/lyc-trois-bassins\/wp-content\/uploads\/sites\/100\/2018\/07\/Soiffiri-avec-sa-m\u00e8re-et-monsieur-le-pr\u00e9fet.jpg'><img loading=\"lazy\" decoding=\"async\" width=\"150\" height=\"150\" src=\"https:\/\/etab.ac-reunion.fr\/lyc-trois-bassins\/wp-content\/uploads\/sites\/100\/2018\/07\/Soiffiri-avec-sa-m\u00e8re-et-monsieur-le-pr\u00e9fet-150x150.jpg\" class=\"attachment-thumbnail size-thumbnail\" alt=\"\" aria-describedby=\"gallery-1-2872\" \/><\/a>\n\t\t\t<\/dt>\n\t\t\t\t<dd class='wp-caption-text gallery-caption' id='gallery-1-2872'>\n\t\t\t\tSoiffirou, sa m\u00e8re et le secr\u00e9taire g\u00e9n\u00e9ale du rectorat\n\t\t\t\t<\/dd><\/dl>\n\t\t\t<br style='clear: both' \/>\n\t\t<\/div>\n\n<p style=\"margin-bottom: .0001pt\">\n","protected":false},"excerpt":{"rendered":"<p>Harithi Soiffirou \u00e0 la pr\u00e9fecture M. Hivanoh\u00e9 a eu l&rsquo;honneur d&rsquo;accompagner son \u00e9l\u00e8ve \u00e0 la remise des dipl\u00f4mes des bacheliers \u00e0 la pr\u00e9fecture. Il nous fait un petit compte rendu. Ce vendredi 13 juillet 2018 restera grav\u00e9 dans la m\u00e9moire des jeunes bacheliers ayant eu les meilleurs r\u00e9sultats acad\u00e9miques. Ce sont 50 laur\u00e9ats qui ont [&hellip;]<\/p>\n","protected":false},"author":6711,"featured_media":0,"comment_status":"closed","ping_status":"open","sticky":false,"template":"","format":"standard","meta":{"_et_pb_use_builder":"","_et_pb_old_content":"","_et_gb_content_width":"","footnotes":""},"categories":[7,6],"tags":[61,62],"class_list":["post-2866","post","type-post","status-publish","format-standard","hentry","category-actu","category-le-lycee","tag-bac-2018","tag-prefecture"],"_links":{"self":[{"href":"https:\/\/etab.ac-reunion.fr\/lyc-trois-bassins\/wp-json\/wp\/v2\/posts\/2866","targetHints":{"allow":["GET"]}}],"collection":[{"href":"https:\/\/etab.ac-reunion.fr\/lyc-trois-bassins\/wp-json\/wp\/v2\/posts"}],"about":[{"href":"https:\/\/etab.ac-reunion.fr\/lyc-trois-bassins\/wp-json\/wp\/v2\/types\/post"}],"author":[{"embeddable":true,"href":"https:\/\/etab.ac-reunion.fr\/lyc-trois-bassins\/wp-json\/wp\/v2\/users\/6711"}],"replies":[{"embeddable":true,"href":"https:\/\/etab.ac-reunion.fr\/lyc-trois-bassins\/wp-json\/wp\/v2\/comments?post=2866"}],"version-history":[{"count":3,"href":"https:\/\/etab.ac-reunion.fr\/lyc-trois-bassins\/wp-json\/wp\/v2\/posts\/2866\/revisions"}],"predecessor-version":[{"id":2875,"href":"https:\/\/etab.ac-reunion.fr\/lyc-trois-bassins\/wp-json\/wp\/v2\/posts\/2866\/revisions\/2875"}],"wp:attachment":[{"href":"https:\/\/etab.ac-reunion.fr\/lyc-trois-bassins\/wp-json\/wp\/v2\/media?parent=2866"}],"wp:term":[{"taxonomy":"category","embeddable":true,"href":"https:\/\/etab.ac-reunion.fr\/lyc-trois-bassins\/wp-json\/wp\/v2\/categories?post=2866"},{"taxonomy":"post_tag","embeddable":true,"href":"https:\/\/etab.ac-reunion.fr\/lyc-trois-bassins\/wp-json\/wp\/v2\/tags?post=2866"}],"curies":[{"name":"wp","href":"https:\/\/api.w.org\/{rel}","templated":true}]}}