{"id":2877,"date":"2018-08-16T11:27:44","date_gmt":"2018-08-16T07:27:44","guid":{"rendered":"http:\/\/lycee-3bassins.ac-reunion.fr\/?p=2877"},"modified":"2018-08-16T14:10:04","modified_gmt":"2018-08-16T10:10:04","slug":"rentree-scolaire-2018-2018","status":"publish","type":"post","link":"https:\/\/etab.ac-reunion.fr\/lyc-trois-bassins\/rentree-scolaire-2018-2018\/","title":{"rendered":"Rentr\u00e9e scolaire 2018-2018"},"content":{"rendered":"<p>La rentr\u00e9e de tous les \u00e9l\u00e8ves du lyc\u00e9e de trois Bassins se fera le vendredi 17 ao\u00fbt 2018 \u00e0 8h00 pour les \u00e9l\u00e8ves de seconde, 9h00 pour les \u00e9l\u00e8ves de premi\u00e8res et terminales. Les \u00e9l\u00e8ves seront accueillis par les professeurs principaux. La reprise de tous les cours se fera le lundi 20 ao\u00fbt selon les emploi du temps.<\/p>\n<p>Bonne rentr\u00e9e et bonne ann\u00e9e scolaire \u00e0 tous<\/p>\n","protected":false},"excerpt":{"rendered":"<p>La rentr\u00e9e de tous les \u00e9l\u00e8ves du lyc\u00e9e de trois Bassins se fera le vendredi 17 ao\u00fbt 2018 \u00e0 8h00 pour les \u00e9l\u00e8ves de seconde, 9h00 pour les \u00e9l\u00e8ves de premi\u00e8res et terminales. Les \u00e9l\u00e8ves seront accueillis par les professeurs principaux. La reprise de tous les cours se fera le lundi 20 ao\u00fbt selon les [&hellip;]<\/p>\n","protected":false},"author":6711,"featured_media":0,"comment_status":"closed","ping_status":"open","sticky":false,"template":"","format":"standard","meta":{"_et_pb_use_builder":"","_et_pb_old_content":"","_et_gb_content_width":"","footnotes":""},"categories":[7,6],"tags":[],"class_list":["post-2877","post","type-post","status-publish","format-standard","hentry","category-actu","category-le-lycee"],"_links":{"self":[{"href":"https:\/\/etab.ac-reunion.fr\/lyc-trois-bassins\/wp-json\/wp\/v2\/posts\/2877","targetHints":{"allow":["GET"]}}],"collection":[{"href":"https:\/\/etab.ac-reunion.fr\/lyc-trois-bassins\/wp-json\/wp\/v2\/posts"}],"about":[{"href":"https:\/\/etab.ac-reunion.fr\/lyc-trois-bassins\/wp-json\/wp\/v2\/types\/post"}],"author":[{"embeddable":true,"href":"https:\/\/etab.ac-reunion.fr\/lyc-trois-bassins\/wp-json\/wp\/v2\/users\/6711"}],"replies":[{"embeddable":true,"href":"https:\/\/etab.ac-reunion.fr\/lyc-trois-bassins\/wp-json\/wp\/v2\/comments?post=2877"}],"version-history":[{"count":3,"href":"https:\/\/etab.ac-reunion.fr\/lyc-trois-bassins\/wp-json\/wp\/v2\/posts\/2877\/revisions"}],"predecessor-version":[{"id":2880,"href":"https:\/\/etab.ac-reunion.fr\/lyc-trois-bassins\/wp-json\/wp\/v2\/posts\/2877\/revisions\/2880"}],"wp:attachment":[{"href":"https:\/\/etab.ac-reunion.fr\/lyc-trois-bassins\/wp-json\/wp\/v2\/media?parent=2877"}],"wp:term":[{"taxonomy":"category","embeddable":true,"href":"https:\/\/etab.ac-reunion.fr\/lyc-trois-bassins\/wp-json\/wp\/v2\/categories?post=2877"},{"taxonomy":"post_tag","embeddable":true,"href":"https:\/\/etab.ac-reunion.fr\/lyc-trois-bassins\/wp-json\/wp\/v2\/tags?post=2877"}],"curies":[{"name":"wp","href":"https:\/\/api.w.org\/{rel}","templated":true}]}}