{"id":3042,"date":"2018-11-08T09:07:17","date_gmt":"2018-11-08T05:07:17","guid":{"rendered":"http:\/\/lycee-3bassins.ac-reunion.fr\/?p=3042"},"modified":"2018-11-08T09:32:56","modified_gmt":"2018-11-08T05:32:56","slug":"la-visite-des-lyceens-allemands-au-lycee-suite","status":"publish","type":"post","link":"https:\/\/etab.ac-reunion.fr\/lyc-trois-bassins\/la-visite-des-lyceens-allemands-au-lycee-suite\/","title":{"rendered":"La visite des lyc\u00e9ens allemands au lyc\u00e9e suite"},"content":{"rendered":"<p>Le s\u00e9jour continu pour nos invit\u00e9s allemands.<\/p>\n<p>Grande excursion vers le Sud Sauvage en ce mardi 30 octobre 2018<\/p>\n<p>Plusieurs haltes sur le littoral entre \u00c9tang sal\u00e9 et Cap M\u00e9chant, o\u00f9 l\u2019on pique-nique, nous m\u00e8nent vers les coul\u00e9es de lave.<\/p>\n\n\t\t<style type=\"text\/css\">\n\t\t\t#gallery-1 {\n\t\t\t\tmargin: auto;\n\t\t\t}\n\t\t\t#gallery-1 .gallery-item {\n\t\t\t\tfloat: left;\n\t\t\t\tmargin-top: 10px;\n\t\t\t\ttext-align: center;\n\t\t\t\twidth: 33%;\n\t\t\t}\n\t\t\t#gallery-1 img {\n\t\t\t\tborder: 2px solid #cfcfcf;\n\t\t\t}\n\t\t\t#gallery-1 .gallery-caption {\n\t\t\t\tmargin-left: 0;\n\t\t\t}\n\t\t\t\/* see gallery_shortcode() in wp-includes\/media.php *\/\n\t\t<\/style>\n\t\t<div id='gallery-1' class='gallery galleryid-3042 gallery-columns-3 gallery-size-thumbnail'><dl class='gallery-item'>\n\t\t\t<dt class='gallery-icon landscape'>\n\t\t\t\t<a href='https:\/\/etab.ac-reunion.fr\/lyc-trois-bassins\/wp-content\/uploads\/sites\/100\/2018\/11\/Cap-m\u00e9chant.jpg'><img loading=\"lazy\" decoding=\"async\" width=\"150\" height=\"150\" src=\"https:\/\/etab.ac-reunion.fr\/lyc-trois-bassins\/wp-content\/uploads\/sites\/100\/2018\/11\/Cap-m\u00e9chant-150x150.jpg\" class=\"attachment-thumbnail size-thumbnail\" alt=\"\" aria-describedby=\"gallery-1-3057\" \/><\/a>\n\t\t\t<\/dt>\n\t\t\t\t<dd class='wp-caption-text gallery-caption' id='gallery-1-3057'>\n\t\t\t\tLe groupe des allemands\n\t\t\t\t<\/dd><\/dl><dl class='gallery-item'>\n\t\t\t<dt class='gallery-icon landscape'>\n\t\t\t\t<a href='https:\/\/etab.ac-reunion.fr\/lyc-trois-bassins\/wp-content\/uploads\/sites\/100\/2018\/11\/DSC07854.jpg'><img loading=\"lazy\" decoding=\"async\" width=\"150\" height=\"150\" src=\"https:\/\/etab.ac-reunion.fr\/lyc-trois-bassins\/wp-content\/uploads\/sites\/100\/2018\/11\/DSC07854-150x150.jpg\" class=\"attachment-thumbnail size-thumbnail\" alt=\"\" aria-describedby=\"gallery-1-3058\" \/><\/a>\n\t\t\t<\/dt>\n\t\t\t\t<dd class='wp-caption-text gallery-caption' id='gallery-1-3058'>\n\t\t\t\tLa crique du Cap M\u00e9chant\n\t\t\t\t<\/dd><\/dl><dl class='gallery-item'>\n\t\t\t<dt class='gallery-icon landscape'>\n\t\t\t\t<a href='https:\/\/etab.ac-reunion.fr\/lyc-trois-bassins\/wp-content\/uploads\/sites\/100\/2018\/11\/La-table-dorientation-1.jpeg'><img loading=\"lazy\" decoding=\"async\" width=\"150\" height=\"150\" src=\"https:\/\/etab.ac-reunion.fr\/lyc-trois-bassins\/wp-content\/uploads\/sites\/100\/2018\/11\/La-table-dorientation-1-150x150.jpeg\" class=\"attachment-thumbnail size-thumbnail\" alt=\"\" aria-describedby=\"gallery-1-3049\" \/><\/a>\n\t\t\t<\/dt>\n\t\t\t\t<dd class='wp-caption-text gallery-caption' id='gallery-1-3049'>\n\t\t\t\tTable d&rsquo;orientation\n\t\t\t\t<\/dd><\/dl><br style=\"clear: both\" \/><dl class='gallery-item'>\n\t\t\t<dt class='gallery-icon landscape'>\n\t\t\t\t<a href='https:\/\/etab.ac-reunion.fr\/lyc-trois-bassins\/wp-content\/uploads\/sites\/100\/2018\/11\/A-Cap-M\u00e9chant-St-Philippe.jpeg'><img loading=\"lazy\" decoding=\"async\" width=\"150\" height=\"150\" src=\"https:\/\/etab.ac-reunion.fr\/lyc-trois-bassins\/wp-content\/uploads\/sites\/100\/2018\/11\/A-Cap-M\u00e9chant-St-Philippe-150x150.jpeg\" class=\"attachment-thumbnail size-thumbnail\" alt=\"\" aria-describedby=\"gallery-1-3043\" \/><\/a>\n\t\t\t<\/dt>\n\t\t\t\t<dd class='wp-caption-text gallery-caption' id='gallery-1-3043'>\n\t\t\t\tCap M\u00e9chant St Philippe\n\t\t\t\t<\/dd><\/dl><dl class='gallery-item'>\n\t\t\t<dt class='gallery-icon portrait'>\n\t\t\t\t<a href='https:\/\/etab.ac-reunion.fr\/lyc-trois-bassins\/wp-content\/uploads\/sites\/100\/2018\/11\/Paysage-sauvage.jpeg'><img loading=\"lazy\" decoding=\"async\" width=\"150\" height=\"150\" src=\"https:\/\/etab.ac-reunion.fr\/lyc-trois-bassins\/wp-content\/uploads\/sites\/100\/2018\/11\/Paysage-sauvage-150x150.jpeg\" class=\"attachment-thumbnail size-thumbnail\" alt=\"\" aria-describedby=\"gallery-1-3045\" \/><\/a>\n\t\t\t<\/dt>\n\t\t\t\t<dd class='wp-caption-text gallery-caption' id='gallery-1-3045'>\n\t\t\t\tObservation\n\t\t\t\t<\/dd><\/dl>\n\t\t\t<br style='clear: both' \/>\n\t\t<\/div>\n\n<p>L\u2019excursion doit permettre au groupe allemand et au groupe fran\u00e7ais d\u2019\u00e9changer et communiquer, donner leurs premi\u00e8res impressions de leur premi\u00e8re nuit \u00e0 La R\u00e9union dans les familles.<\/p>\n<p>C\u2019est aussi l\u2019occasion de profiter des splendeurs de la c\u00f4te r\u00e9unionnaise !<\/p>\n<p>La d\u00e9couverte des coul\u00e9es de lave est un moment fort, ainsi que l\u2019\u00e9glise de notre-Dame-des-Laves, dont les laves ont \u00e9t\u00e9 nettoy\u00e9es pour garder au site son caract\u00e8re spectaculaire !<\/p>\n\n\t\t<style type=\"text\/css\">\n\t\t\t#gallery-2 {\n\t\t\t\tmargin: auto;\n\t\t\t}\n\t\t\t#gallery-2 .gallery-item {\n\t\t\t\tfloat: left;\n\t\t\t\tmargin-top: 10px;\n\t\t\t\ttext-align: center;\n\t\t\t\twidth: 33%;\n\t\t\t}\n\t\t\t#gallery-2 img {\n\t\t\t\tborder: 2px solid #cfcfcf;\n\t\t\t}\n\t\t\t#gallery-2 .gallery-caption {\n\t\t\t\tmargin-left: 0;\n\t\t\t}\n\t\t\t\/* see gallery_shortcode() in wp-includes\/media.php *\/\n\t\t<\/style>\n\t\t<div id='gallery-2' class='gallery galleryid-3042 gallery-columns-3 gallery-size-thumbnail'><dl class='gallery-item'>\n\t\t\t<dt class='gallery-icon landscape'>\n\t\t\t\t<a href='https:\/\/etab.ac-reunion.fr\/lyc-trois-bassins\/la-visite-des-lyceens-allemands-au-lycee-suite\/sur-la-route-des-laves\/'><img loading=\"lazy\" decoding=\"async\" width=\"150\" height=\"150\" src=\"https:\/\/etab.ac-reunion.fr\/lyc-trois-bassins\/wp-content\/uploads\/sites\/100\/2018\/11\/Sur-la-route-des-laves-150x150.jpeg\" class=\"attachment-thumbnail size-thumbnail\" alt=\"\" aria-describedby=\"gallery-2-3053\" \/><\/a>\n\t\t\t<\/dt>\n\t\t\t\t<dd class='wp-caption-text gallery-caption' id='gallery-2-3053'>\n\t\t\t\tLa route de piton Ste Rose\n\t\t\t\t<\/dd><\/dl><dl class='gallery-item'>\n\t\t\t<dt class='gallery-icon landscape'>\n\t\t\t\t<a href='https:\/\/etab.ac-reunion.fr\/lyc-trois-bassins\/la-visite-des-lyceens-allemands-au-lycee-suite\/sur-la-coulee\/'><img loading=\"lazy\" decoding=\"async\" width=\"150\" height=\"150\" src=\"https:\/\/etab.ac-reunion.fr\/lyc-trois-bassins\/wp-content\/uploads\/sites\/100\/2018\/11\/Sur-la-coul\u00e9e-150x150.jpeg\" class=\"attachment-thumbnail size-thumbnail\" alt=\"\" aria-describedby=\"gallery-2-3052\" \/><\/a>\n\t\t\t<\/dt>\n\t\t\t\t<dd class='wp-caption-text gallery-caption' id='gallery-2-3052'>\n\t\t\t\tSur la coul\u00e9e de lave\n\t\t\t\t<\/dd><\/dl><dl class='gallery-item'>\n\t\t\t<dt class='gallery-icon landscape'>\n\t\t\t\t<a href='https:\/\/etab.ac-reunion.fr\/lyc-trois-bassins\/la-visite-des-lyceens-allemands-au-lycee-suite\/devant-leglise-de-piton-ste-rose\/'><img loading=\"lazy\" decoding=\"async\" width=\"150\" height=\"150\" src=\"https:\/\/etab.ac-reunion.fr\/lyc-trois-bassins\/wp-content\/uploads\/sites\/100\/2018\/11\/Devant-l\u00e9glise-de-Piton-Ste-Rose-150x150.jpeg\" class=\"attachment-thumbnail size-thumbnail\" alt=\"\" aria-describedby=\"gallery-2-3048\" \/><\/a>\n\t\t\t<\/dt>\n\t\t\t\t<dd class='wp-caption-text gallery-caption' id='gallery-2-3048'>\n\t\t\t\tDevant l&rsquo;\u00e9glise de Piton Ste Rose\n\t\t\t\t<\/dd><\/dl><br style=\"clear: both\" \/><dl class='gallery-item'>\n\t\t\t<dt class='gallery-icon portrait'>\n\t\t\t\t<a href='https:\/\/etab.ac-reunion.fr\/lyc-trois-bassins\/la-visite-des-lyceens-allemands-au-lycee-suite\/autour-de-leglise-de-piton-ste-rose\/'><img loading=\"lazy\" decoding=\"async\" width=\"150\" height=\"150\" src=\"https:\/\/etab.ac-reunion.fr\/lyc-trois-bassins\/wp-content\/uploads\/sites\/100\/2018\/11\/Autour-de-l\u00e9glise-de-Piton-Ste-Rose-150x150.jpeg\" class=\"attachment-thumbnail size-thumbnail\" alt=\"\" aria-describedby=\"gallery-2-3047\" \/><\/a>\n\t\t\t<\/dt>\n\t\t\t\t<dd class='wp-caption-text gallery-caption' id='gallery-2-3047'>\n\t\t\t\tLes laves autour de l&rsquo;\u00e9glise\n\t\t\t\t<\/dd><\/dl>\n\t\t\t<br style='clear: both' \/>\n\t\t<\/div>\n\n<p>Le retour se fait, assez rapide, par le nord, l\u2019occasion de voir de pr\u00e8s (un peu \u00e0 l\u2019arr\u00eat parfois!) les travaux de la Nouvelle Route du Littoral.<\/p>\n\n\t\t<style type=\"text\/css\">\n\t\t\t#gallery-3 {\n\t\t\t\tmargin: auto;\n\t\t\t}\n\t\t\t#gallery-3 .gallery-item {\n\t\t\t\tfloat: left;\n\t\t\t\tmargin-top: 10px;\n\t\t\t\ttext-align: center;\n\t\t\t\twidth: 33%;\n\t\t\t}\n\t\t\t#gallery-3 img {\n\t\t\t\tborder: 2px solid #cfcfcf;\n\t\t\t}\n\t\t\t#gallery-3 .gallery-caption {\n\t\t\t\tmargin-left: 0;\n\t\t\t}\n\t\t\t\/* see gallery_shortcode() in wp-includes\/media.php *\/\n\t\t<\/style>\n\t\t<div id='gallery-3' class='gallery galleryid-3042 gallery-columns-3 gallery-size-thumbnail'><dl class='gallery-item'>\n\t\t\t<dt class='gallery-icon landscape'>\n\t\t\t\t<a href='https:\/\/etab.ac-reunion.fr\/lyc-trois-bassins\/wp-content\/uploads\/sites\/100\/2018\/11\/Le-zourit-sur-la-NRL.jpg'><img loading=\"lazy\" decoding=\"async\" width=\"150\" height=\"150\" src=\"https:\/\/etab.ac-reunion.fr\/lyc-trois-bassins\/wp-content\/uploads\/sites\/100\/2018\/11\/Le-zourit-sur-la-NRL-150x150.jpg\" class=\"attachment-thumbnail size-thumbnail\" alt=\"\" aria-describedby=\"gallery-3-3062\" \/><\/a>\n\t\t\t<\/dt>\n\t\t\t\t<dd class='wp-caption-text gallery-caption' id='gallery-3-3062'>\n\t\t\t\tLe zourit\n\t\t\t\t<\/dd><\/dl><dl class='gallery-item'>\n\t\t\t<dt class='gallery-icon landscape'>\n\t\t\t\t<a href='https:\/\/etab.ac-reunion.fr\/lyc-trois-bassins\/wp-content\/uploads\/sites\/100\/2018\/11\/La-NRL.jpeg'><img loading=\"lazy\" decoding=\"async\" width=\"150\" height=\"150\" src=\"https:\/\/etab.ac-reunion.fr\/lyc-trois-bassins\/wp-content\/uploads\/sites\/100\/2018\/11\/La-NRL-150x150.jpeg\" class=\"attachment-thumbnail size-thumbnail\" alt=\"\" aria-describedby=\"gallery-3-3050\" \/><\/a>\n\t\t\t<\/dt>\n\t\t\t\t<dd class='wp-caption-text gallery-caption' id='gallery-3-3050'>\n\t\t\t\tLa NRL\n\t\t\t\t<\/dd><\/dl><dl class='gallery-item'>\n\t\t\t<dt class='gallery-icon landscape'>\n\t\t\t\t<a href='https:\/\/etab.ac-reunion.fr\/lyc-trois-bassins\/wp-content\/uploads\/sites\/100\/2018\/11\/Retour-dans-le-bus.jpeg'><img loading=\"lazy\" decoding=\"async\" width=\"150\" height=\"150\" src=\"https:\/\/etab.ac-reunion.fr\/lyc-trois-bassins\/wp-content\/uploads\/sites\/100\/2018\/11\/Retour-dans-le-bus-150x150.jpeg\" class=\"attachment-thumbnail size-thumbnail\" alt=\"\" aria-describedby=\"gallery-3-3054\" \/><\/a>\n\t\t\t<\/dt>\n\t\t\t\t<dd class='wp-caption-text gallery-caption' id='gallery-3-3054'>\n\t\t\t\tDans le bus du retour\n\t\t\t\t<\/dd><\/dl><br style=\"clear: both\" \/>\n\t\t<\/div>\n\n<p>Pour leur 1er jour, les correspondants auront donc fait un tour\u2026de l\u2019\u00eele, bien contents de retourner se reposer !<\/p>\n<p>&nbsp;<\/p>\n","protected":false},"excerpt":{"rendered":"<p>Le s\u00e9jour continu pour nos invit\u00e9s allemands. Grande excursion vers le Sud Sauvage en ce mardi 30 octobre 2018 Plusieurs haltes sur le littoral entre \u00c9tang sal\u00e9 et Cap M\u00e9chant, o\u00f9 l\u2019on pique-nique, nous m\u00e8nent vers les coul\u00e9es de lave. L\u2019excursion doit permettre au groupe allemand et au groupe fran\u00e7ais d\u2019\u00e9changer et communiquer, donner leurs [&hellip;]<\/p>\n","protected":false},"author":6711,"featured_media":0,"comment_status":"closed","ping_status":"open","sticky":false,"template":"","format":"standard","meta":{"_et_pb_use_builder":"","_et_pb_old_content":"","_et_gb_content_width":"","footnotes":""},"categories":[7,6],"tags":[66],"class_list":["post-3042","post","type-post","status-publish","format-standard","hentry","category-actu","category-le-lycee","tag-visite-allemands"],"_links":{"self":[{"href":"https:\/\/etab.ac-reunion.fr\/lyc-trois-bassins\/wp-json\/wp\/v2\/posts\/3042","targetHints":{"allow":["GET"]}}],"collection":[{"href":"https:\/\/etab.ac-reunion.fr\/lyc-trois-bassins\/wp-json\/wp\/v2\/posts"}],"about":[{"href":"https:\/\/etab.ac-reunion.fr\/lyc-trois-bassins\/wp-json\/wp\/v2\/types\/post"}],"author":[{"embeddable":true,"href":"https:\/\/etab.ac-reunion.fr\/lyc-trois-bassins\/wp-json\/wp\/v2\/users\/6711"}],"replies":[{"embeddable":true,"href":"https:\/\/etab.ac-reunion.fr\/lyc-trois-bassins\/wp-json\/wp\/v2\/comments?post=3042"}],"version-history":[{"count":3,"href":"https:\/\/etab.ac-reunion.fr\/lyc-trois-bassins\/wp-json\/wp\/v2\/posts\/3042\/revisions"}],"predecessor-version":[{"id":3069,"href":"https:\/\/etab.ac-reunion.fr\/lyc-trois-bassins\/wp-json\/wp\/v2\/posts\/3042\/revisions\/3069"}],"wp:attachment":[{"href":"https:\/\/etab.ac-reunion.fr\/lyc-trois-bassins\/wp-json\/wp\/v2\/media?parent=3042"}],"wp:term":[{"taxonomy":"category","embeddable":true,"href":"https:\/\/etab.ac-reunion.fr\/lyc-trois-bassins\/wp-json\/wp\/v2\/categories?post=3042"},{"taxonomy":"post_tag","embeddable":true,"href":"https:\/\/etab.ac-reunion.fr\/lyc-trois-bassins\/wp-json\/wp\/v2\/tags?post=3042"}],"curies":[{"name":"wp","href":"https:\/\/api.w.org\/{rel}","templated":true}]}}