{"id":8493,"date":"2026-04-30T10:39:30","date_gmt":"2026-04-30T06:39:30","guid":{"rendered":"https:\/\/etab.ac-reunion.fr\/lyc-trois-bassins\/?p=8493"},"modified":"2026-04-30T10:39:31","modified_gmt":"2026-04-30T06:39:31","slug":"lequipe-des-garcons-championne-de-lu-n-s-s-volley-de-la-reunion","status":"publish","type":"post","link":"https:\/\/etab.ac-reunion.fr\/lyc-trois-bassins\/lequipe-des-garcons-championne-de-lu-n-s-s-volley-de-la-reunion\/","title":{"rendered":"L&rsquo;\u00e9quipe des gar\u00e7ons championne de l&rsquo;U.N.S.S. volley de La R\u00e9union"},"content":{"rendered":"\n<p>L&rsquo;\u00e9quipe de volley gar\u00e7ons du lyc\u00e9e s&rsquo;envolera pour Thionville le 23 mai 2026 pour participer au championnat de France U.N.S.S de volley.. En effet les gar\u00e7ons ont obtenu leur place en \u00e9tant championne de La R\u00e9union au mois de mars dernier. Le lundi 27 avril 2026, ils ont re\u00e7u leur nouveau maillot pour participer au championnat de France. L&rsquo;\u00e9quipe est compos\u00e9 de 6 joueurs, d&rsquo;une jeune arbitre et d&rsquo;un jeune coach. Ils en ont profit\u00e9 pour r\u00e9aliser le tirage au sort de la tombola lanc\u00e9e afin de r\u00e9colter de l&rsquo;argent pour financer le voyage. S&rsquo;en est suivi un pot de l&rsquo;amiti\u00e9 avec les parents et l\u00a0\u00bb\u00e9quipe de direction du lyc\u00e9e. Bonne chance \u00e0 eux. <a href=\"https:\/\/photos.google.com\/share\/AF1QipPp_s8dJfXrWFZyAk_ioUYGb-mSBtHJE6SeBPuqs6SPyrLl9BGhMeG-rpza2B_VNw?key=azBEM3F2eWNqelI0QndpblBmUGNWek51aThCeGln\">Ici<\/a> l&rsquo;album photos du projet.<\/p>\n\n\n\n<figure class=\"wp-block-gallery has-nested-images columns-default is-cropped wp-block-gallery-1 is-layout-flex wp-block-gallery-is-layout-flex\">\n<figure class=\"wp-block-image size-large is-style-rounded\"><img loading=\"lazy\" decoding=\"async\" width=\"576\" height=\"1024\" data-id=\"8495\" src=\"https:\/\/etab.ac-reunion.fr\/lyc-trois-bassins\/wp-content\/uploads\/sites\/100\/2026\/04\/IMG-20260428-WA0001-576x1024.jpg\" alt=\"\" class=\"wp-image-8495\" srcset=\"https:\/\/etab.ac-reunion.fr\/lyc-trois-bassins\/wp-content\/uploads\/sites\/100\/2026\/04\/IMG-20260428-WA0001-576x1024.jpg 576w, https:\/\/etab.ac-reunion.fr\/lyc-trois-bassins\/wp-content\/uploads\/sites\/100\/2026\/04\/IMG-20260428-WA0001-480x853.jpg 480w\" sizes=\"(min-width: 0px) and (max-width: 480px) 480px, (min-width: 481px) 576px, 100vw\" \/><figcaption class=\"wp-element-caption\">Tirage au sort de la tombola<\/figcaption><\/figure>\n\n\n\n<figure class=\"wp-block-image size-large is-style-rounded\"><img loading=\"lazy\" decoding=\"async\" width=\"1024\" height=\"576\" data-id=\"8496\" src=\"https:\/\/etab.ac-reunion.fr\/lyc-trois-bassins\/wp-content\/uploads\/sites\/100\/2026\/04\/IMG-20260428-WA0002-1024x576.jpg\" alt=\"\" class=\"wp-image-8496\" srcset=\"https:\/\/etab.ac-reunion.fr\/lyc-trois-bassins\/wp-content\/uploads\/sites\/100\/2026\/04\/IMG-20260428-WA0002-1024x576.jpg 1024w, https:\/\/etab.ac-reunion.fr\/lyc-trois-bassins\/wp-content\/uploads\/sites\/100\/2026\/04\/IMG-20260428-WA0002-980x551.jpg 980w, https:\/\/etab.ac-reunion.fr\/lyc-trois-bassins\/wp-content\/uploads\/sites\/100\/2026\/04\/IMG-20260428-WA0002-480x270.jpg 480w\" sizes=\"(min-width: 0px) and (max-width: 480px) 480px, (min-width: 481px) and (max-width: 980px) 980px, (min-width: 981px) 1024px, 100vw\" \/><figcaption class=\"wp-element-caption\">Les parents des \u00e9l\u00e8ves<\/figcaption><\/figure>\n<\/figure>\n","protected":false},"excerpt":{"rendered":"<p>L&rsquo;\u00e9quipe de volley gar\u00e7ons du lyc\u00e9e s&rsquo;envolera pour Thionville le 23 mai 2026 pour participer au championnat de France U.N.S.S de volley.. En effet les gar\u00e7ons ont obtenu leur place en \u00e9tant championne de La R\u00e9union au mois de mars dernier. Le lundi 27 avril 2026, ils ont re\u00e7u leur nouveau maillot pour participer au [&hellip;]<\/p>\n","protected":false},"author":6711,"featured_media":8494,"comment_status":"closed","ping_status":"closed","sticky":false,"template":"","format":"standard","meta":{"_et_pb_use_builder":"off","_et_pb_old_content":"","_et_gb_content_width":"","footnotes":""},"categories":[7,4,6],"tags":[133,134,132],"class_list":["post-8493","post","type-post","status-publish","format-standard","has-post-thumbnail","hentry","category-actu","category-eps-unss","category-le-lycee","tag-championnat-de-france","tag-champpion-de-la-reunion","tag-u-n-s-s-volley"],"_links":{"self":[{"href":"https:\/\/etab.ac-reunion.fr\/lyc-trois-bassins\/wp-json\/wp\/v2\/posts\/8493","targetHints":{"allow":["GET"]}}],"collection":[{"href":"https:\/\/etab.ac-reunion.fr\/lyc-trois-bassins\/wp-json\/wp\/v2\/posts"}],"about":[{"href":"https:\/\/etab.ac-reunion.fr\/lyc-trois-bassins\/wp-json\/wp\/v2\/types\/post"}],"author":[{"embeddable":true,"href":"https:\/\/etab.ac-reunion.fr\/lyc-trois-bassins\/wp-json\/wp\/v2\/users\/6711"}],"replies":[{"embeddable":true,"href":"https:\/\/etab.ac-reunion.fr\/lyc-trois-bassins\/wp-json\/wp\/v2\/comments?post=8493"}],"version-history":[{"count":2,"href":"https:\/\/etab.ac-reunion.fr\/lyc-trois-bassins\/wp-json\/wp\/v2\/posts\/8493\/revisions"}],"predecessor-version":[{"id":8498,"href":"https:\/\/etab.ac-reunion.fr\/lyc-trois-bassins\/wp-json\/wp\/v2\/posts\/8493\/revisions\/8498"}],"wp:featuredmedia":[{"embeddable":true,"href":"https:\/\/etab.ac-reunion.fr\/lyc-trois-bassins\/wp-json\/wp\/v2\/media\/8494"}],"wp:attachment":[{"href":"https:\/\/etab.ac-reunion.fr\/lyc-trois-bassins\/wp-json\/wp\/v2\/media?parent=8493"}],"wp:term":[{"taxonomy":"category","embeddable":true,"href":"https:\/\/etab.ac-reunion.fr\/lyc-trois-bassins\/wp-json\/wp\/v2\/categories?post=8493"},{"taxonomy":"post_tag","embeddable":true,"href":"https:\/\/etab.ac-reunion.fr\/lyc-trois-bassins\/wp-json\/wp\/v2\/tags?post=8493"}],"curies":[{"name":"wp","href":"https:\/\/api.w.org\/{rel}","templated":true}]}}