{"id":7112,"date":"2026-03-24T04:58:34","date_gmt":"2026-03-24T00:58:34","guid":{"rendered":"https:\/\/etab.ac-reunion.fr\/lyc-victor-schoelcher\/?p=7112"},"modified":"2026-03-24T05:00:37","modified_gmt":"2026-03-24T01:00:37","slug":"cap-sur-malaga-une-experience-erasmus-enrichissante-pour-nos-eleves-de-terminale-logistique","status":"publish","type":"post","link":"https:\/\/etab.ac-reunion.fr\/lyc-victor-schoelcher\/cap-sur-malaga-une-experience-erasmus-enrichissante-pour-nos-eleves-de-terminale-logistique\/","title":{"rendered":"Cap sur Malaga : une exp\u00e9rience Erasmus enrichissante pour nos \u00e9l\u00e8ves de Terminale Logistique"},"content":{"rendered":"<p>Dans le cadre du programme Erasmus+, cinq \u00e9l\u00e8ves de Terminale dont quatre en logistique et un en transport, ont la chance de vivre une exp\u00e9rience unique \u00e0 Malaga, en Espagne pour une dur\u00e9e de 3 semaines.<\/p>\n<p>Pour certains d\u2019entre eux, il s\u2019agit d\u2019une grande premi\u00e8re : quitter La R\u00e9union et voyager \u00e0 l\u2019\u00e9tranger !<\/p>\n<p>Arriv\u00e9s ce lundi \u00e0 Malaga, les \u00e9l\u00e8ves ont imm\u00e9diatement \u00e9t\u00e9 s\u00e9duits par la beaut\u00e9 du pays et l\u2019accueil chaleureux qui leur a \u00e9t\u00e9 r\u00e9serv\u00e9. Tous se montrent tr\u00e8s enthousiastes et motiv\u00e9s \u00e0 l\u2019id\u00e9e de vivre cette immersion.<\/p>\n<div id=\"attachment_7113\" style=\"width: 610px\" class=\"wp-caption aligncenter\"><a href=\"https:\/\/etab.ac-reunion.fr\/lyc-victor-schoelcher\/wp-content\/uploads\/sites\/93\/2026\/03\/PHOTO1_ERASMUS_17_03_2026_Mars_2026.jpg\"><img loading=\"lazy\" decoding=\"async\" aria-describedby=\"caption-attachment-7113\" class=\"wp-image-7113\" src=\"https:\/\/etab.ac-reunion.fr\/lyc-victor-schoelcher\/wp-content\/uploads\/sites\/93\/2026\/03\/PHOTO1_ERASMUS_17_03_2026_Mars_2026.jpg\" alt=\"\" width=\"600\" height=\"630\" srcset=\"https:\/\/etab.ac-reunion.fr\/lyc-victor-schoelcher\/wp-content\/uploads\/sites\/93\/2026\/03\/PHOTO1_ERASMUS_17_03_2026_Mars_2026.jpg 1524w, https:\/\/etab.ac-reunion.fr\/lyc-victor-schoelcher\/wp-content\/uploads\/sites\/93\/2026\/03\/PHOTO1_ERASMUS_17_03_2026_Mars_2026-286x300.jpg 286w, https:\/\/etab.ac-reunion.fr\/lyc-victor-schoelcher\/wp-content\/uploads\/sites\/93\/2026\/03\/PHOTO1_ERASMUS_17_03_2026_Mars_2026-975x1024.jpg 975w, https:\/\/etab.ac-reunion.fr\/lyc-victor-schoelcher\/wp-content\/uploads\/sites\/93\/2026\/03\/PHOTO1_ERASMUS_17_03_2026_Mars_2026-768x806.jpg 768w, https:\/\/etab.ac-reunion.fr\/lyc-victor-schoelcher\/wp-content\/uploads\/sites\/93\/2026\/03\/PHOTO1_ERASMUS_17_03_2026_Mars_2026-1463x1536.jpg 1463w, https:\/\/etab.ac-reunion.fr\/lyc-victor-schoelcher\/wp-content\/uploads\/sites\/93\/2026\/03\/PHOTO1_ERASMUS_17_03_2026_Mars_2026-143x150.jpg 143w\" sizes=\"auto, (max-width: 600px) 100vw, 600px\" \/><\/a><p id=\"caption-attachment-7113\" class=\"wp-caption-text\">Les \u00e9l\u00e8ves, accompagn\u00e9s de leurs professeurs, \u00e0 leur arriv\u00e9e \u00e0 Malaga.<\/p><\/div>\n<p>L\u2019objectif de ce s\u00e9jour est clair : permettre aux \u00e9l\u00e8ves de r\u00e9aliser trois semaines de stage dans les secteurs du transport et de la logistique. Une opportunit\u00e9 pr\u00e9cieuse pour d\u00e9velopper leurs comp\u00e9tences, d\u00e9couvrir de nouvelles m\u00e9thodes de travail et s\u2019adapter \u00e0 un environnement professionnel international.<\/p>\n<p>\u00c0 ce jour, certains \u00e9l\u00e8ves entament leur deuxi\u00e8me jour de stage, tandis que l\u2019\u00e9l\u00e8ve en fili\u00e8re transport d\u00e9bute tout juste son exp\u00e9rience en entreprise.<\/p>\n<p>Nous leur souhaitons de profiter pleinement de cette aventure, d\u2019en tirer un maximum d\u2019enseignements et de souvenirs, et de revenir enrichis, tant sur le plan professionnel que personnel.<\/p>\n<div id=\"attachment_7114\" style=\"width: 610px\" class=\"wp-caption aligncenter\"><a href=\"https:\/\/etab.ac-reunion.fr\/lyc-victor-schoelcher\/wp-content\/uploads\/sites\/93\/2026\/03\/PHOTO2_ERASMUS_17_03_2026_Mars_2026.jpg\"><img loading=\"lazy\" decoding=\"async\" aria-describedby=\"caption-attachment-7114\" class=\"wp-image-7114\" src=\"https:\/\/etab.ac-reunion.fr\/lyc-victor-schoelcher\/wp-content\/uploads\/sites\/93\/2026\/03\/PHOTO2_ERASMUS_17_03_2026_Mars_2026.jpg\" alt=\"\" width=\"600\" height=\"450\" srcset=\"https:\/\/etab.ac-reunion.fr\/lyc-victor-schoelcher\/wp-content\/uploads\/sites\/93\/2026\/03\/PHOTO2_ERASMUS_17_03_2026_Mars_2026.jpg 1280w, https:\/\/etab.ac-reunion.fr\/lyc-victor-schoelcher\/wp-content\/uploads\/sites\/93\/2026\/03\/PHOTO2_ERASMUS_17_03_2026_Mars_2026-300x225.jpg 300w, https:\/\/etab.ac-reunion.fr\/lyc-victor-schoelcher\/wp-content\/uploads\/sites\/93\/2026\/03\/PHOTO2_ERASMUS_17_03_2026_Mars_2026-1024x768.jpg 1024w, https:\/\/etab.ac-reunion.fr\/lyc-victor-schoelcher\/wp-content\/uploads\/sites\/93\/2026\/03\/PHOTO2_ERASMUS_17_03_2026_Mars_2026-768x576.jpg 768w, https:\/\/etab.ac-reunion.fr\/lyc-victor-schoelcher\/wp-content\/uploads\/sites\/93\/2026\/03\/PHOTO2_ERASMUS_17_03_2026_Mars_2026-150x113.jpg 150w\" sizes=\"auto, (max-width: 600px) 100vw, 600px\" \/><\/a><p id=\"caption-attachment-7114\" class=\"wp-caption-text\">Une belle aventure les attend \u00e0 Malaga !<\/p><\/div>\n<p>&nbsp;<\/p>\n<p>Julianie OULAMA &#8211; Lo\u00efka\u00a0RIVIERE<br \/>\n<em>Professeures des classes concern\u00e9es<\/em><\/p>\n<p>&nbsp;<\/p>\n","protected":false},"excerpt":{"rendered":"<p>Dans le cadre du programme Erasmus+, cinq \u00e9l\u00e8ves de Terminale dont quatre en logistique et un en transport, ont la chance de vivre une exp\u00e9rience unique \u00e0 Malaga, en Espagne pour une dur\u00e9e de 3 semaines. Pour certains d\u2019entre eux, il s\u2019agit d\u2019une grande premi\u00e8re : quitter La R\u00e9union et&#8230;<\/p>\n<p> <a class=\"continue-reading-link\" href=\"https:\/\/etab.ac-reunion.fr\/lyc-victor-schoelcher\/cap-sur-malaga-une-experience-erasmus-enrichissante-pour-nos-eleves-de-terminale-logistique\/\"><span>Lire le contenu<\/span><i class=\"crycon-right-dir\"><\/i><\/a> <\/p>\n","protected":false},"author":2226,"featured_media":7113,"comment_status":"closed","ping_status":"closed","sticky":true,"template":"","format":"standard","meta":{"footnotes":""},"categories":[37,9],"tags":[],"class_list":["post-7112","post","type-post","status-publish","format-standard","has-post-thumbnail","hentry","category-actualites","category-projet-professionnel"],"_links":{"self":[{"href":"https:\/\/etab.ac-reunion.fr\/lyc-victor-schoelcher\/wp-json\/wp\/v2\/posts\/7112","targetHints":{"allow":["GET"]}}],"collection":[{"href":"https:\/\/etab.ac-reunion.fr\/lyc-victor-schoelcher\/wp-json\/wp\/v2\/posts"}],"about":[{"href":"https:\/\/etab.ac-reunion.fr\/lyc-victor-schoelcher\/wp-json\/wp\/v2\/types\/post"}],"author":[{"embeddable":true,"href":"https:\/\/etab.ac-reunion.fr\/lyc-victor-schoelcher\/wp-json\/wp\/v2\/users\/2226"}],"replies":[{"embeddable":true,"href":"https:\/\/etab.ac-reunion.fr\/lyc-victor-schoelcher\/wp-json\/wp\/v2\/comments?post=7112"}],"version-history":[{"count":4,"href":"https:\/\/etab.ac-reunion.fr\/lyc-victor-schoelcher\/wp-json\/wp\/v2\/posts\/7112\/revisions"}],"predecessor-version":[{"id":7128,"href":"https:\/\/etab.ac-reunion.fr\/lyc-victor-schoelcher\/wp-json\/wp\/v2\/posts\/7112\/revisions\/7128"}],"wp:featuredmedia":[{"embeddable":true,"href":"https:\/\/etab.ac-reunion.fr\/lyc-victor-schoelcher\/wp-json\/wp\/v2\/media\/7113"}],"wp:attachment":[{"href":"https:\/\/etab.ac-reunion.fr\/lyc-victor-schoelcher\/wp-json\/wp\/v2\/media?parent=7112"}],"wp:term":[{"taxonomy":"category","embeddable":true,"href":"https:\/\/etab.ac-reunion.fr\/lyc-victor-schoelcher\/wp-json\/wp\/v2\/categories?post=7112"},{"taxonomy":"post_tag","embeddable":true,"href":"https:\/\/etab.ac-reunion.fr\/lyc-victor-schoelcher\/wp-json\/wp\/v2\/tags?post=7112"}],"curies":[{"name":"wp","href":"https:\/\/api.w.org\/{rel}","templated":true}]}}