{"id":7170,"date":"2026-04-20T05:10:47","date_gmt":"2026-04-20T01:10:47","guid":{"rendered":"https:\/\/etab.ac-reunion.fr\/lyc-victor-schoelcher\/?p=7170"},"modified":"2026-04-20T05:12:05","modified_gmt":"2026-04-20T01:12:05","slug":"ouverture-des-inscriptions-au-lycee-victor-schoelcher-pour-la-promotion-2026-2027","status":"publish","type":"post","link":"https:\/\/etab.ac-reunion.fr\/lyc-victor-schoelcher\/ouverture-des-inscriptions-au-lycee-victor-schoelcher-pour-la-promotion-2026-2027\/","title":{"rendered":"Ouverture des inscriptions au lyc\u00e9e Victor Schoelcher pour la promotion 2026-2027"},"content":{"rendered":"<div class=\"wp-block-image\">\n<figure class=\"aligncenter size-full\"><img loading=\"lazy\" decoding=\"async\" width=\"935\" height=\"783\" src=\"https:\/\/etab.ac-reunion.fr\/lyc-victor-schoelcher\/wp-content\/uploads\/sites\/93\/2026\/04\/Infos_LVS_2026.png\" alt=\"\" class=\"wp-image-7171\" srcset=\"https:\/\/etab.ac-reunion.fr\/lyc-victor-schoelcher\/wp-content\/uploads\/sites\/93\/2026\/04\/Infos_LVS_2026.png 935w, https:\/\/etab.ac-reunion.fr\/lyc-victor-schoelcher\/wp-content\/uploads\/sites\/93\/2026\/04\/Infos_LVS_2026-300x251.png 300w, https:\/\/etab.ac-reunion.fr\/lyc-victor-schoelcher\/wp-content\/uploads\/sites\/93\/2026\/04\/Infos_LVS_2026-768x643.png 768w, https:\/\/etab.ac-reunion.fr\/lyc-victor-schoelcher\/wp-content\/uploads\/sites\/93\/2026\/04\/Infos_LVS_2026-150x126.png 150w\" sizes=\"auto, (max-width: 935px) 100vw, 935px\" \/><\/figure>\n<\/div>\n\n\n<div style=\"height:89px\" aria-hidden=\"true\" class=\"wp-block-spacer\"><\/div>\n\n\n\n<p class=\"has-text-align-left\" style=\"font-size:24px\">Vous souhaitez int\u00e9grer une formation pour assurer des activit\u00e9s de soins, de pr\u00e9vention, et d\u2019\u00e9ducation \u00e0 la sant\u00e9 aupr\u00e8s de personnes malades ou en perte d\u2019autonomie ?<\/p>\n\n\n\n<p class=\"has-text-align-left\" style=\"font-size:24px\">C&rsquo;est le moment de vous inscrire pour tenter de rejoindre la prochaine session de formation en apprentissage en collaboration avec l&rsquo;IFRAR du dipl\u00f4me d\u2019\u00e9tat d\u2019aide-soignant (DEAS).<\/p>\n\n\n\n<p style=\"font-size:24px\">La rentr\u00e9e se fera en octobre 2026 au lyc\u00e9e Victor Schoelcher \u00e0 Saint-Louis.<\/p>\n\n\n\n<p class=\"has-text-align-left\" style=\"font-size:24px\">Pour vous inscrire, t\u00e9l\u00e9charger le\u00a0<a href=\"https:\/\/ftlvreunion.fr\/fileadmin\/user_upload\/a_telecharger\/DOSSIER_CANDIDATURE_CFA_ACADEMIQUE_DEAS_2026_-2027_VS.pdf\" target=\"_blank\" rel=\"noreferrer noopener\"><strong>dossier de candidature<\/strong><\/a>\u00a0et acc\u00e9der \u00e0 toutes les donn\u00e9es quant :<\/p>\n\n\n\n<ul style=\"font-size:24px\" class=\"wp-block-list\">\n<li style=\"font-size:24px\">Au calendrier d&rsquo;inscription<\/li>\n\n\n\n<li style=\"font-size:24px\">Aux documents \u00e0 compl\u00e9ter et transmettre<\/li>\n\n\n\n<li style=\"font-size:24px\">Aux modalit\u00e9s de d\u00e9roulement de l&rsquo;entretien de s\u00e9lection<\/li>\n\n\n\n<li style=\"font-size:24px\">A toutes les informations pratiques<\/li>\n<\/ul>\n\n\n\n<p style=\"font-size:24px\">Acc\u00e9dez \u00e9galement aux informations compl\u00e9mentaires via les liens ci-apr\u00e8s :<\/p>\n\n\n\n<ul class=\"wp-block-list\">\n<li style=\"font-size:24px\"><a href=\"https:\/\/ftlvreunion.fr\/fileadmin\/user_upload\/a_telecharger\/RECAPITULATIF_PARCOURS_PASSERELLES.pdf\" target=\"_blank\" rel=\"noreferrer noopener\"><strong>R\u00e9capitulatif parcours &#8211; passerelles<\/strong><\/a><\/li>\n\n\n\n<li style=\"font-size:24px\"><a href=\"https:\/\/ftlvreunion.fr\/fileadmin\/user_upload\/a_telecharger\/Arrete_162_relatif_a_la_designation_des_medecins_agrees_pour_le_departement_de_La_Reunion.PDF\" target=\"_blank\" rel=\"noreferrer noopener\"><strong>Arr\u00eat\u00e9 162<\/strong><\/a>\u00a0relatif \u00e0 la d\u00e9signation des m\u00e9decins agr\u00e9es pour le d\u00e9partement de La R\u00e9union<\/li>\n<\/ul>\n\n\n\n<p class=\"has-text-align-left\" style=\"font-size:30px\"><strong>L&rsquo;inscription et le d\u00e9p\u00f4t des pi\u00e8ces devra se faire obligatoirement via notre&nbsp;<\/strong><strong><a href=\"https:\/\/ftlvreunion.ymag.cloud\/index.php\/preinscription\/\" target=\"_blank\" rel=\"noreferrer noopener\"><strong>plateforme<\/strong><\/a><\/strong><\/p>\n\n\n\n<p class=\"has-text-align-left\" style=\"font-size:24px\">Pour toute information compl\u00e9mentaire, contactez notre \u00e9quipe par t\u00e9l\u00e9phone au <strong>0692 10 39 25<\/strong> ou au <strong>0693 04 88 44<\/strong>, ou par mail \u00e0 l&rsquo;adresse : <strong>cfaacademique@ac-reunion.fr<\/strong>. Vous pouvez aussi consulter notre fiche produit<strong>\u00a0<a href=\"https:\/\/ftlvreunion.fr\/nos-formations\/rechercher-une-formation\/details-formation\/311-diplome-etat-aide-soignant-en-apprentissage.html\" target=\"_blank\" rel=\"noreferrer noopener\">ici<\/a><\/strong><\/p>\n\n\n\n<p class=\"has-text-align-left\" style=\"font-size:24px\"><\/p>\n\n\n\n<p><\/p>\n","protected":false},"excerpt":{"rendered":"<p>Vous souhaitez int\u00e9grer une formation pour assurer des activit\u00e9s de soins, de pr\u00e9vention, et d\u2019\u00e9ducation \u00e0 la sant\u00e9 aupr\u00e8s de personnes malades ou en perte d\u2019autonomie ? C&rsquo;est le moment de vous inscrire pour tenter de rejoindre la prochaine session de formation en apprentissage en collaboration avec l&rsquo;IFRAR du dipl\u00f4me&#8230;<\/p>\n<p> <a class=\"continue-reading-link\" href=\"https:\/\/etab.ac-reunion.fr\/lyc-victor-schoelcher\/ouverture-des-inscriptions-au-lycee-victor-schoelcher-pour-la-promotion-2026-2027\/\"><span>Lire le contenu<\/span><i class=\"crycon-right-dir\"><\/i><\/a> <\/p>\n","protected":false},"author":2226,"featured_media":7171,"comment_status":"closed","ping_status":"closed","sticky":true,"template":"","format":"standard","meta":{"footnotes":""},"categories":[37],"tags":[],"class_list":["post-7170","post","type-post","status-publish","format-standard","has-post-thumbnail","hentry","category-actualites"],"_links":{"self":[{"href":"https:\/\/etab.ac-reunion.fr\/lyc-victor-schoelcher\/wp-json\/wp\/v2\/posts\/7170","targetHints":{"allow":["GET"]}}],"collection":[{"href":"https:\/\/etab.ac-reunion.fr\/lyc-victor-schoelcher\/wp-json\/wp\/v2\/posts"}],"about":[{"href":"https:\/\/etab.ac-reunion.fr\/lyc-victor-schoelcher\/wp-json\/wp\/v2\/types\/post"}],"author":[{"embeddable":true,"href":"https:\/\/etab.ac-reunion.fr\/lyc-victor-schoelcher\/wp-json\/wp\/v2\/users\/2226"}],"replies":[{"embeddable":true,"href":"https:\/\/etab.ac-reunion.fr\/lyc-victor-schoelcher\/wp-json\/wp\/v2\/comments?post=7170"}],"version-history":[{"count":12,"href":"https:\/\/etab.ac-reunion.fr\/lyc-victor-schoelcher\/wp-json\/wp\/v2\/posts\/7170\/revisions"}],"predecessor-version":[{"id":7183,"href":"https:\/\/etab.ac-reunion.fr\/lyc-victor-schoelcher\/wp-json\/wp\/v2\/posts\/7170\/revisions\/7183"}],"wp:featuredmedia":[{"embeddable":true,"href":"https:\/\/etab.ac-reunion.fr\/lyc-victor-schoelcher\/wp-json\/wp\/v2\/media\/7171"}],"wp:attachment":[{"href":"https:\/\/etab.ac-reunion.fr\/lyc-victor-schoelcher\/wp-json\/wp\/v2\/media?parent=7170"}],"wp:term":[{"taxonomy":"category","embeddable":true,"href":"https:\/\/etab.ac-reunion.fr\/lyc-victor-schoelcher\/wp-json\/wp\/v2\/categories?post=7170"},{"taxonomy":"post_tag","embeddable":true,"href":"https:\/\/etab.ac-reunion.fr\/lyc-victor-schoelcher\/wp-json\/wp\/v2\/tags?post=7170"}],"curies":[{"name":"wp","href":"https:\/\/api.w.org\/{rel}","templated":true}]}}