{"id":7184,"date":"2026-04-25T11:32:00","date_gmt":"2026-04-25T07:32:00","guid":{"rendered":"https:\/\/etab.ac-reunion.fr\/lyc-victor-schoelcher\/?p=7184"},"modified":"2026-04-25T20:29:50","modified_gmt":"2026-04-25T16:29:50","slug":"lorthographe-au-service-de-lengagement-la-dictee-du-rotary-sinvite-au-lycee-victor-schoelcher","status":"publish","type":"post","link":"https:\/\/etab.ac-reunion.fr\/lyc-victor-schoelcher\/lorthographe-au-service-de-lengagement-la-dictee-du-rotary-sinvite-au-lycee-victor-schoelcher\/","title":{"rendered":"L\u2019orthographe au service de l\u2019engagement : La Dict\u00e9e du Rotary s\u2019invite au Lyc\u00e9e Victor Schoelcher"},"content":{"rendered":"\n<div style=\"height:40px\" aria-hidden=\"true\" class=\"wp-block-spacer\"><\/div>\n\n\n\n<p style=\"font-size:24px\"><strong>Le 13 f\u00e9vrier dernier, les \u00e9l\u00e8ves de 2de Bac Pro AEPA du lyc\u00e9e Victor-Sch\u0153lcher de SAINT LOUIS ont d\u00e9laiss\u00e9 leurs \u00e9crans pour reprendre la plume. Entre citoyennet\u00e9 et solidarit\u00e9, ce concours international&nbsp;, organis\u00e9 par le Rotary vise \u00e0 redonner le go\u00fbt de la langue fran\u00e7aise tout en luttant contre l\u2019illettrisme.<\/strong><\/p>\n\n\n\n<div style=\"height:40px\" aria-hidden=\"true\" class=\"wp-block-spacer\"><\/div>\n\n\n<div class=\"wp-block-image\">\n<figure class=\"aligncenter size-full is-resized\"><a href=\"https:\/\/etab.ac-reunion.fr\/lyc-victor-schoelcher\/wp-content\/uploads\/sites\/93\/2026\/04\/imag1_Rotary_Dictee.png\"><img loading=\"lazy\" decoding=\"async\" width=\"805\" height=\"454\" src=\"https:\/\/etab.ac-reunion.fr\/lyc-victor-schoelcher\/wp-content\/uploads\/sites\/93\/2026\/04\/imag1_Rotary_Dictee.png\" alt=\"\" class=\"wp-image-7185\" style=\"aspect-ratio:1.7732078891718095;object-fit:cover;width:800px\" srcset=\"https:\/\/etab.ac-reunion.fr\/lyc-victor-schoelcher\/wp-content\/uploads\/sites\/93\/2026\/04\/imag1_Rotary_Dictee.png 805w, https:\/\/etab.ac-reunion.fr\/lyc-victor-schoelcher\/wp-content\/uploads\/sites\/93\/2026\/04\/imag1_Rotary_Dictee-300x169.png 300w, https:\/\/etab.ac-reunion.fr\/lyc-victor-schoelcher\/wp-content\/uploads\/sites\/93\/2026\/04\/imag1_Rotary_Dictee-768x433.png 768w, https:\/\/etab.ac-reunion.fr\/lyc-victor-schoelcher\/wp-content\/uploads\/sites\/93\/2026\/04\/imag1_Rotary_Dictee-150x85.png 150w\" sizes=\"auto, (max-width: 805px) 100vw, 805px\" \/><\/a><figcaption class=\"wp-element-caption\"><em>Attestation de participation Dict\u00e9e du Rotary remise \u00e0 toute la classe de 2nd AEPA<\/em><\/figcaption><\/figure>\n<\/div>\n\n\n<div style=\"height:40px\" aria-hidden=\"true\" class=\"wp-block-spacer\"><\/div>\n\n\n\n<h2 class=\"wp-block-heading\">Transmettre les valeurs de la langue<\/h2>\n\n\n\n<p style=\"font-size:24px\">Port\u00e9e par des valeurs de partage et de transmission, la \u00ab Dict\u00e9e du Rotary \u00bb est bien plus qu\u2019un simple exercice scolaire. Organis\u00e9e par le Rotary au niveau international, elle mobilise cette ann\u00e9e 28 clubs de l\u2019\u00eele de La R\u00e9union. L\u2019objectif est clair : promouvoir la francophonie et pr\u00e9venir l\u2019illettrisme d\u00e8s le plus jeune \u00e2ge.<\/p>\n\n\n\n<p style=\"font-size:24px\">Pour les \u00e9l\u00e8ves de la section Bac Pro AEPA (Animation-Enfance et Personnes \u00c2g\u00e9es), cette action rev\u00eat une importance particuli\u00e8re. Futurs acteurs de l\u2019\u00e9ducation et de l\u2019animation, ces jeunes seront demain en premi\u00e8re ligne aupr\u00e8s des enfants r\u00e9unionnais. \u00ab Une bonne ma\u00eetrise de la langue fran\u00e7aise est n\u00e9cessaire dans leur futur m\u00e9tier \u00bb, rappellent leurs enseignants.<\/p>\n\n\n\n<div style=\"height:40px\" aria-hidden=\"true\" class=\"wp-block-spacer\"><\/div>\n\n\n\n<h2 class=\"wp-block-heading\">Un d\u00e9fi p\u00e9dagogique face au num\u00e9rique<\/h2>\n\n\n\n<p style=\"font-size:24px\">Dans un contexte o\u00f9 le num\u00e9rique occupe une place pr\u00e9dominante, l\u2019habitude d\u2019\u00e9crire et de lire se perd parfois. \u00c0 cela s\u2019ajoute la r\u00e9alit\u00e9 de la diglossie locale, o\u00f9 le fran\u00e7ais n\u2019est pas toujours la langue maternelle.<\/p>\n\n\n\n<p style=\"font-size:24px\">Pour Mme ROGER-PAYET, porteuse du projet et professeure en mati\u00e8res professionnelles, accompagn\u00e9e de Mme BONET-MAURY ainsi que de M. CAZANOVE, professeur de fran\u00e7ais, ce concours \u00e9tait l\u2019occasion id\u00e9ale d\u2019identifier les lacunes des \u00e9l\u00e8ves afin de mieux les accompagner. Ce projet a \u00e9galement \u00e9t\u00e9 encourag\u00e9 et soutenu par le Proviseur du lyc\u00e9e Victor-Sch\u0153lcher, M. Rivi\u00e8re, qui \u0153uvre chaque jour pour la r\u00e9ussite de tous les \u00e9l\u00e8ves de l\u2019\u00e9tablissement.<\/p>\n\n\n\n<p style=\"font-size:24px\">Les copies, trait\u00e9es de mani\u00e8re anonyme, ont permis de mettre en lumi\u00e8re les points \u00e0 travailler lors des prochaines s\u00e9ances de fran\u00e7ais, sans stigmatisation, mais avec une r\u00e9elle volont\u00e9 de progression.<\/p>\n\n\n\n<div style=\"height:40px\" aria-hidden=\"true\" class=\"wp-block-spacer\"><\/div>\n\n\n\n<p style=\"font-size:0px\">accompagn\u00e9e de Mme BONET-MAURY ainsi que de M. CAZANOVE, professeur de fran\u00e7ais, ce concours \u00e9tait l\u2019occasion id\u00e9ale d\u2019identifier les lacunes des \u00e9l\u00e8ves afin de mieux les accompagner. Ce projet a \u00e9galement \u00e9t\u00e9 encourag\u00e9 et soutenu par le Proviseur du lyc\u00e9e Victor-Sch\u0153lcher, M. Rivi\u00e8re, qui \u0153uvre chaque jour pour la r\u00e9ussite de tous les \u00e9l\u00e8ves de l\u2019\u00e9tablissement.<\/p>\n\n\n\n<p style=\"font-size:0px\">Les copies, trait\u00e9es de mani\u00e8re anonyme, ont permis de mettre en lumi\u00e8re les points \u00e0 travailler lors des prochaines s\u00e9ances de fran\u00e7ais, sans stigmatisation, mais avec une r\u00e9elle volont\u00e9 de progression.<\/p>\n\n\n<div class=\"wp-block-image\">\n<figure class=\"aligncenter size-full is-resized\"><img loading=\"lazy\" decoding=\"async\" width=\"615\" height=\"548\" src=\"https:\/\/etab.ac-reunion.fr\/lyc-victor-schoelcher\/wp-content\/uploads\/sites\/93\/2026\/04\/imag2_Rotary_Dictee-edited.png\" alt=\"\" class=\"wp-image-7196\" style=\"aspect-ratio:1.1222662266226622;width:637px;height:auto\" srcset=\"https:\/\/etab.ac-reunion.fr\/lyc-victor-schoelcher\/wp-content\/uploads\/sites\/93\/2026\/04\/imag2_Rotary_Dictee-edited.png 615w, https:\/\/etab.ac-reunion.fr\/lyc-victor-schoelcher\/wp-content\/uploads\/sites\/93\/2026\/04\/imag2_Rotary_Dictee-edited-300x267.png 300w, https:\/\/etab.ac-reunion.fr\/lyc-victor-schoelcher\/wp-content\/uploads\/sites\/93\/2026\/04\/imag2_Rotary_Dictee-edited-150x134.png 150w\" sizes=\"auto, (max-width: 615px) 100vw, 615px\" \/><figcaption class=\"wp-element-caption\"><em>Lev\u00e9e de l&rsquo;anonymat pour les 3 meilleures copies<\/em><\/figcaption><\/figure>\n<\/div>\n\n\n<div style=\"height:40px\" aria-hidden=\"true\" class=\"wp-block-spacer\"><\/div>\n\n\n\n<h2 class=\"wp-block-heading\">Les laur\u00e9ats de la dict\u00e9e<\/h2>\n\n\n\n<p style=\"font-size:24px\">Apr\u00e8s l\u2019effort, la reconnaissance. Le 20 f\u00e9vrier 2026, une c\u00e9r\u00e9monie de remise de r\u00e9compenses a \u00e9t\u00e9 organis\u00e9e au sein du lyc\u00e9e par le Rotary Club de l\u2019\u00c9tang-Sal\u00e9, parrain de l\u2019op\u00e9ration. M. TORTEL, Proviseur Adjoint et Mme HECALE, DDFPT, \u00e9taient \u00e9galement pr\u00e9sents pour f\u00e9liciter les gagnants ainsi que l\u2019ensemble de la classe pour leur engagement.<\/p>\n\n\n\n<div style=\"height:40px\" aria-hidden=\"true\" class=\"wp-block-spacer\"><\/div>\n\n\n<div class=\"wp-block-image\">\n<figure class=\"aligncenter size-full is-resized\"><img loading=\"lazy\" decoding=\"async\" width=\"674\" height=\"426\" src=\"https:\/\/etab.ac-reunion.fr\/lyc-victor-schoelcher\/wp-content\/uploads\/sites\/93\/2026\/04\/imag3_Rotary_Dictee.png\" alt=\"\" class=\"wp-image-7187\" style=\"aspect-ratio:1.582196419932269;object-fit:cover;width:800px\" srcset=\"https:\/\/etab.ac-reunion.fr\/lyc-victor-schoelcher\/wp-content\/uploads\/sites\/93\/2026\/04\/imag3_Rotary_Dictee.png 674w, https:\/\/etab.ac-reunion.fr\/lyc-victor-schoelcher\/wp-content\/uploads\/sites\/93\/2026\/04\/imag3_Rotary_Dictee-300x190.png 300w, https:\/\/etab.ac-reunion.fr\/lyc-victor-schoelcher\/wp-content\/uploads\/sites\/93\/2026\/04\/imag3_Rotary_Dictee-150x95.png 150w\" sizes=\"auto, (max-width: 674px) 100vw, 674px\" \/><figcaption class=\"wp-element-caption\"><em>Discours de Mme LEMARCHAND du Rotary de l&rsquo;Etang Sal\u00e9<\/em><\/figcaption><\/figure>\n<\/div>\n\n\n<div style=\"height:40px\" aria-hidden=\"true\" class=\"wp-block-spacer\"><\/div>\n\n\n\n<p style=\"font-size:24px\">Si chaque participant a re\u00e7u une attestation de participation, trois \u00e9l\u00e8ves se sont d\u00e9marqu\u00e9s et ont \u00e9t\u00e9 r\u00e9compens\u00e9s :<\/p>\n\n\n<div class=\"wp-block-image\">\n<figure class=\"aligncenter size-full is-resized\"><img loading=\"lazy\" decoding=\"async\" width=\"505\" height=\"277\" src=\"https:\/\/etab.ac-reunion.fr\/lyc-victor-schoelcher\/wp-content\/uploads\/sites\/93\/2026\/04\/imag4_Rotary_Dictee.png\" alt=\"\" class=\"wp-image-7188\" style=\"aspect-ratio:1.823112327403906;object-fit:cover;width:800px\" srcset=\"https:\/\/etab.ac-reunion.fr\/lyc-victor-schoelcher\/wp-content\/uploads\/sites\/93\/2026\/04\/imag4_Rotary_Dictee.png 505w, https:\/\/etab.ac-reunion.fr\/lyc-victor-schoelcher\/wp-content\/uploads\/sites\/93\/2026\/04\/imag4_Rotary_Dictee-300x165.png 300w, https:\/\/etab.ac-reunion.fr\/lyc-victor-schoelcher\/wp-content\/uploads\/sites\/93\/2026\/04\/imag4_Rotary_Dictee-150x82.png 150w\" sizes=\"auto, (max-width: 505px) 100vw, 505px\" \/><\/figure>\n<\/div>\n\n\n<p class=\"has-text-align-center\" style=\"font-size:30px\"><strong>\ud83c\udfc6 Les \u00e9l\u00e8ves r\u00e9compens\u00e9s :<\/strong><\/p>\n\n\n\n<p class=\"has-text-align-center has-black-color has-text-color has-link-color wp-elements-fce5d38c442e318746549f0546ac81cb\" style=\"font-size:30px\">\ud83e\udd47 <strong>1er prix :<\/strong> <strong>Elvina VILY<\/strong><br>\ud83e\udd48 <strong>2e prix :<\/strong> <strong>No\u00e9mie NOTARIANNI<\/strong><br>\ud83e\udd49 <strong>3e prix :<\/strong> <strong>Kalyani ANGAMA<\/strong><\/p>\n\n\n\n<div style=\"height:40px\" aria-hidden=\"true\" class=\"wp-block-spacer\"><\/div>\n\n\n\n<p style=\"font-size:24px\">La matin\u00e9e s\u2019est cl\u00f4tur\u00e9e dans la convivialit\u00e9 autour d\u2019un pot offert \u00e0 l\u2019ensemble des \u00e9l\u00e8ves, marquant la r\u00e9ussite d\u2019une action o\u00f9 la solidarit\u00e9 et le plaisir d\u2019apprendre l\u2019ont emport\u00e9 sur la difficult\u00e9 de l\u2019exercice.<\/p>\n\n\n\n<div style=\"height:40px\" aria-hidden=\"true\" class=\"wp-block-spacer\"><\/div>\n\n\n<div class=\"wp-block-image\">\n<figure class=\"aligncenter size-full is-resized\"><img loading=\"lazy\" decoding=\"async\" width=\"733\" height=\"404\" src=\"https:\/\/etab.ac-reunion.fr\/lyc-victor-schoelcher\/wp-content\/uploads\/sites\/93\/2026\/04\/imag5_Rotary_Dictee.png\" alt=\"\" class=\"wp-image-7189\" style=\"width:800px\" srcset=\"https:\/\/etab.ac-reunion.fr\/lyc-victor-schoelcher\/wp-content\/uploads\/sites\/93\/2026\/04\/imag5_Rotary_Dictee.png 733w, https:\/\/etab.ac-reunion.fr\/lyc-victor-schoelcher\/wp-content\/uploads\/sites\/93\/2026\/04\/imag5_Rotary_Dictee-300x165.png 300w, https:\/\/etab.ac-reunion.fr\/lyc-victor-schoelcher\/wp-content\/uploads\/sites\/93\/2026\/04\/imag5_Rotary_Dictee-150x83.png 150w\" sizes=\"auto, (max-width: 733px) 100vw, 733px\" \/><\/figure>\n<\/div>","protected":false},"excerpt":{"rendered":"<p>Le 13 f\u00e9vrier dernier, les \u00e9l\u00e8ves de 2de Bac Pro AEPA du lyc\u00e9e Victor-Sch\u0153lcher de SAINT LOUIS ont d\u00e9laiss\u00e9 leurs \u00e9crans pour reprendre la plume. Entre citoyennet\u00e9 et solidarit\u00e9, ce concours international&nbsp;, organis\u00e9 par le Rotary vise \u00e0 redonner le go\u00fbt de la langue fran\u00e7aise tout en luttant contre l\u2019illettrisme&#8230;.<\/p>\n<p> <a class=\"continue-reading-link\" href=\"https:\/\/etab.ac-reunion.fr\/lyc-victor-schoelcher\/lorthographe-au-service-de-lengagement-la-dictee-du-rotary-sinvite-au-lycee-victor-schoelcher\/\"><span>Lire le contenu<\/span><i class=\"crycon-right-dir\"><\/i><\/a> <\/p>\n","protected":false},"author":2226,"featured_media":7185,"comment_status":"closed","ping_status":"closed","sticky":true,"template":"","format":"standard","meta":{"footnotes":""},"categories":[37],"tags":[],"class_list":["post-7184","post","type-post","status-publish","format-standard","has-post-thumbnail","hentry","category-actualites"],"_links":{"self":[{"href":"https:\/\/etab.ac-reunion.fr\/lyc-victor-schoelcher\/wp-json\/wp\/v2\/posts\/7184","targetHints":{"allow":["GET"]}}],"collection":[{"href":"https:\/\/etab.ac-reunion.fr\/lyc-victor-schoelcher\/wp-json\/wp\/v2\/posts"}],"about":[{"href":"https:\/\/etab.ac-reunion.fr\/lyc-victor-schoelcher\/wp-json\/wp\/v2\/types\/post"}],"author":[{"embeddable":true,"href":"https:\/\/etab.ac-reunion.fr\/lyc-victor-schoelcher\/wp-json\/wp\/v2\/users\/2226"}],"replies":[{"embeddable":true,"href":"https:\/\/etab.ac-reunion.fr\/lyc-victor-schoelcher\/wp-json\/wp\/v2\/comments?post=7184"}],"version-history":[{"count":16,"href":"https:\/\/etab.ac-reunion.fr\/lyc-victor-schoelcher\/wp-json\/wp\/v2\/posts\/7184\/revisions"}],"predecessor-version":[{"id":7210,"href":"https:\/\/etab.ac-reunion.fr\/lyc-victor-schoelcher\/wp-json\/wp\/v2\/posts\/7184\/revisions\/7210"}],"wp:featuredmedia":[{"embeddable":true,"href":"https:\/\/etab.ac-reunion.fr\/lyc-victor-schoelcher\/wp-json\/wp\/v2\/media\/7185"}],"wp:attachment":[{"href":"https:\/\/etab.ac-reunion.fr\/lyc-victor-schoelcher\/wp-json\/wp\/v2\/media?parent=7184"}],"wp:term":[{"taxonomy":"category","embeddable":true,"href":"https:\/\/etab.ac-reunion.fr\/lyc-victor-schoelcher\/wp-json\/wp\/v2\/categories?post=7184"},{"taxonomy":"post_tag","embeddable":true,"href":"https:\/\/etab.ac-reunion.fr\/lyc-victor-schoelcher\/wp-json\/wp\/v2\/tags?post=7184"}],"curies":[{"name":"wp","href":"https:\/\/api.w.org\/{rel}","templated":true}]}}