{"id":2164,"date":"2017-09-19T15:12:23","date_gmt":"2017-09-19T11:12:23","guid":{"rendered":"http:\/\/lycee.vuebelle.ac-reunion.fr\/?p=2164"},"modified":"2019-03-08T12:04:11","modified_gmt":"2019-03-08T08:04:11","slug":"retrait-des-diplomes-session-2017","status":"publish","type":"post","link":"https:\/\/etab.ac-reunion.fr\/lyc-vue-belle\/retrait-des-diplomes-session-2017\/","title":{"rendered":"Retrait des dipl\u00f4mes ( session 2017 )"},"content":{"rendered":"<p align=\"justify\"><strong><span style=\"font-family: Verdana,sans-serif\"><span style=\"font-size: xx-large\">LES DIPL\u00d4MES SESSION 2017 SONT \u00c0 RETIRER AU SECR\u00c9TARIAT DES \u00c9L\u00c8VES.\u00a0\u00a0\u00a0<\/span><\/span><\/strong><\/p>\n<p><strong><span style=\"font-family: Verdana,sans-serif\"><span style=\"font-size: x-large\">LE DIPL\u00d4ME EST UN DOCUMENT UNIQUE, MUNISSEZ-VOUS DE VOTRE PI\u00c8CE D\u2019IDENTIT\u00c9<\/span><\/span><\/strong> <strong><span style=\"font-family: Verdana,sans-serif\"><span style=\"font-size: x-large\">(Carte d&rsquo;identit\u00e9 ou Passeport).<\/span><\/span><\/strong><strong><span style=\"font-family: Verdana,sans-serif\"><span style=\"font-size: xx-large\"> \u00a0\u00a0\u00a0\u00a0\u00a0\u00a0<\/span><\/span><\/strong><span style=\"font-family: Verdana,sans-serif\"><span style=\"font-size: xx-large\">\u00a0<\/span><\/span><span style=\"font-size: xx-large\">\u00a0\u00a0\u00a0\u00a0\u00a0<\/span><\/p>\n<p>&nbsp;<\/p>\n<ul>\n<li>\n<p class=\"western\"><strong><span style=\"font-family: Verdana,sans-serif\"><span style=\"font-size: xx-large\">BREVET DE TECHNICIEN SUPERIEUR (BTS) <\/span><\/span><\/strong><span style=\"font-size: xx-large\">\u00a0<\/span><\/p>\n<\/li>\n<li>\n<p class=\"western\"><strong><span style=\"font-family: Verdana,sans-serif\"><span style=\"font-size: xx-large\">BACCALAUR\u00c9AT PROFESSIONNEL<\/span><\/span><\/strong><\/p>\n<\/li>\n<li>\n<p class=\"western\"><strong><span style=\"font-family: Verdana,sans-serif\"><span style=\"font-size: xx-large\">BREVET D\u2019\u00c9TUDES PROFESSIONNELLES (BEP)<\/span><\/span><\/strong><\/p>\n<\/li>\n<li>\n<p class=\"western\"><strong><span style=\"font-family: Verdana,sans-serif\"><span style=\"font-size: xx-large\">CERTIFICAT D\u2019APTITUDE PROFESSIONNELLE (CAP)<\/span><\/span><\/strong><\/p>\n<\/li>\n<li>\n<p class=\"western\"><strong><span style=\"font-family: Verdana,sans-serif\"><span style=\"font-size: xx-large\">CERTIFICAT DE FORMATION G\u00c9N\u00c9RALE (CFG)<\/span><\/span><\/strong><\/p>\n<\/li>\n<\/ul>\n<p>&nbsp;<\/p>\n<p><strong><span style=\"font-family: Verdana,sans-serif\"><span style=\"font-size: xx-large\">F\u00e9licitations \u00e0 tous les laur\u00e9ats.<\/span><\/span><\/strong><\/p>\n","protected":false},"excerpt":{"rendered":"<p>\u2026<\/p>\n<p class=\"continue-reading-button\"> <a class=\"continue-reading-link\" href=\"https:\/\/etab.ac-reunion.fr\/lyc-vue-belle\/retrait-des-diplomes-session-2017\/\">LIRE LA SUITE<i class=\"crycon-right-dir\"><\/i><\/a><\/p>\n","protected":false},"author":2237,"featured_media":0,"comment_status":"closed","ping_status":"closed","sticky":false,"template":"","format":"gallery","meta":{"footnotes":""},"categories":[1],"tags":[],"class_list":["post-2164","post","type-post","status-publish","format-gallery","hentry","category-non-classe","post_format-post-format-gallery"],"_links":{"self":[{"href":"https:\/\/etab.ac-reunion.fr\/lyc-vue-belle\/wp-json\/wp\/v2\/posts\/2164","targetHints":{"allow":["GET"]}}],"collection":[{"href":"https:\/\/etab.ac-reunion.fr\/lyc-vue-belle\/wp-json\/wp\/v2\/posts"}],"about":[{"href":"https:\/\/etab.ac-reunion.fr\/lyc-vue-belle\/wp-json\/wp\/v2\/types\/post"}],"author":[{"embeddable":true,"href":"https:\/\/etab.ac-reunion.fr\/lyc-vue-belle\/wp-json\/wp\/v2\/users\/2237"}],"replies":[{"embeddable":true,"href":"https:\/\/etab.ac-reunion.fr\/lyc-vue-belle\/wp-json\/wp\/v2\/comments?post=2164"}],"version-history":[{"count":2,"href":"https:\/\/etab.ac-reunion.fr\/lyc-vue-belle\/wp-json\/wp\/v2\/posts\/2164\/revisions"}],"predecessor-version":[{"id":2990,"href":"https:\/\/etab.ac-reunion.fr\/lyc-vue-belle\/wp-json\/wp\/v2\/posts\/2164\/revisions\/2990"}],"wp:attachment":[{"href":"https:\/\/etab.ac-reunion.fr\/lyc-vue-belle\/wp-json\/wp\/v2\/media?parent=2164"}],"wp:term":[{"taxonomy":"category","embeddable":true,"href":"https:\/\/etab.ac-reunion.fr\/lyc-vue-belle\/wp-json\/wp\/v2\/categories?post=2164"},{"taxonomy":"post_tag","embeddable":true,"href":"https:\/\/etab.ac-reunion.fr\/lyc-vue-belle\/wp-json\/wp\/v2\/tags?post=2164"}],"curies":[{"name":"wp","href":"https:\/\/api.w.org\/{rel}","templated":true}]}}