{"id":2172,"date":"2017-09-26T08:48:26","date_gmt":"2017-09-26T04:48:26","guid":{"rendered":"http:\/\/lycee.vuebelle.ac-reunion.fr\/?p=2172"},"modified":"2017-09-26T08:48:26","modified_gmt":"2017-09-26T04:48:26","slug":"journee-des-langues-du-26-septembre","status":"publish","type":"post","link":"https:\/\/etab.ac-reunion.fr\/lyc-vue-belle\/journee-des-langues-du-26-septembre\/","title":{"rendered":"Journ\u00e9e des langues du  26  septembre"},"content":{"rendered":"<div>\n<div><b>Ce jour-m\u00eame de 16h \u00e0 17heures,<\/b> nous souhaitons pr\u00e9senter notre projet <b>KA219: Architecture et patrimoine <\/b>\u00e0 l&rsquo; ensemble des coll\u00e8gues de l&rsquo;\u00e9tablissement, projet que nous menons avec l&rsquo;Espagne et la Mac\u00e9doine. Ce sera l&rsquo;occasion \u00e9galement de vous parler de l&rsquo;Erasmus Day du 13 octobre.<\/div>\n<\/div>\n<div><\/div>\n<div>La salle sera affich\u00e9e sur le tableau ext\u00e9rieur \u00e0 la salle des professeurs.<\/div>\n<div>Pour ceux qui ne peuvent y \u00eatre, vous pouvez prendre contact avec l&rsquo;\u00e9quipe pour pr\u00e9voir un autre moment.<\/div>\n<div><\/div>\n<div><\/div>\n<div>Nous n&rsquo;avons pas pr\u00e9vu de grandes actions pour ce jour, car il arrive tr\u00e8s t\u00f4t dans l&rsquo; ann\u00e9e:<\/div>\n<div><\/div>\n<div>&#8211; \u00a0Nous serons en Skype avec la Mac\u00e9doine ce mardi 26 septembre.<\/div>\n<div>&#8211; \u00a0Des \u00e9l\u00e8ves chanteront \u00e0 la cantine.<\/div>\n<div>&#8211; \u00a0Un repas sp\u00e9cial est pr\u00e9vu \u00e0 la cantine.<\/div>\n<div><\/div>\n<div><\/div>\n<div>Bien cordialement,<\/div>\n","protected":false},"excerpt":{"rendered":"<p>\u2026<\/p>\n<p class=\"continue-reading-button\"> <a class=\"continue-reading-link\" href=\"https:\/\/etab.ac-reunion.fr\/lyc-vue-belle\/journee-des-langues-du-26-septembre\/\">LIRE LA SUITE<i class=\"crycon-right-dir\"><\/i><\/a><\/p>\n","protected":false},"author":2237,"featured_media":2171,"comment_status":"closed","ping_status":"closed","sticky":false,"template":"","format":"gallery","meta":{"footnotes":""},"categories":[29],"tags":[],"class_list":["post-2172","post","type-post","status-publish","format-gallery","has-post-thumbnail","hentry","category-lpvuebelleinternational","post_format-post-format-gallery"],"_links":{"self":[{"href":"https:\/\/etab.ac-reunion.fr\/lyc-vue-belle\/wp-json\/wp\/v2\/posts\/2172","targetHints":{"allow":["GET"]}}],"collection":[{"href":"https:\/\/etab.ac-reunion.fr\/lyc-vue-belle\/wp-json\/wp\/v2\/posts"}],"about":[{"href":"https:\/\/etab.ac-reunion.fr\/lyc-vue-belle\/wp-json\/wp\/v2\/types\/post"}],"author":[{"embeddable":true,"href":"https:\/\/etab.ac-reunion.fr\/lyc-vue-belle\/wp-json\/wp\/v2\/users\/2237"}],"replies":[{"embeddable":true,"href":"https:\/\/etab.ac-reunion.fr\/lyc-vue-belle\/wp-json\/wp\/v2\/comments?post=2172"}],"version-history":[{"count":1,"href":"https:\/\/etab.ac-reunion.fr\/lyc-vue-belle\/wp-json\/wp\/v2\/posts\/2172\/revisions"}],"predecessor-version":[{"id":2173,"href":"https:\/\/etab.ac-reunion.fr\/lyc-vue-belle\/wp-json\/wp\/v2\/posts\/2172\/revisions\/2173"}],"wp:featuredmedia":[{"embeddable":true,"href":"https:\/\/etab.ac-reunion.fr\/lyc-vue-belle\/wp-json\/wp\/v2\/media\/2171"}],"wp:attachment":[{"href":"https:\/\/etab.ac-reunion.fr\/lyc-vue-belle\/wp-json\/wp\/v2\/media?parent=2172"}],"wp:term":[{"taxonomy":"category","embeddable":true,"href":"https:\/\/etab.ac-reunion.fr\/lyc-vue-belle\/wp-json\/wp\/v2\/categories?post=2172"},{"taxonomy":"post_tag","embeddable":true,"href":"https:\/\/etab.ac-reunion.fr\/lyc-vue-belle\/wp-json\/wp\/v2\/tags?post=2172"}],"curies":[{"name":"wp","href":"https:\/\/api.w.org\/{rel}","templated":true}]}}