{"id":434,"date":"2016-02-22T05:38:41","date_gmt":"2016-02-22T04:38:41","guid":{"rendered":"http:\/\/lycee.vuebelle.ac-reunion.fr\/?p=434"},"modified":"2016-02-22T05:38:41","modified_gmt":"2016-02-22T04:38:41","slug":"auto-portraits-sur-les-traces-de-david-hockney","status":"publish","type":"post","link":"https:\/\/etab.ac-reunion.fr\/lyc-vue-belle\/auto-portraits-sur-les-traces-de-david-hockney\/","title":{"rendered":"AUTO-PORTRAITS\u00a0: SUR LES TRACES DE DAVID HOCKNEY"},"content":{"rendered":"<p class=\"western\"><span style=\"font-family: Times New Roman,serif\"><span style=\"font-size: medium\">\u0152uvres r\u00e9alis\u00e9es par les \u00e9l\u00e8ves de 1PE sous la houlette de Monsieur Samuel Fabien.<\/span><\/span><\/p>\n<p class=\"western\"><span style=\"font-family: Times New Roman,serif\"><span style=\"font-size: medium\">Exposition au CDI du 17 f\u00e9vrier au 4 mars 2016.<\/span><\/span><\/p>\n","protected":false},"excerpt":{"rendered":"<p>\u2026<\/p>\n<p class=\"continue-reading-button\"> <a class=\"continue-reading-link\" href=\"https:\/\/etab.ac-reunion.fr\/lyc-vue-belle\/auto-portraits-sur-les-traces-de-david-hockney\/\">LIRE LA SUITE<i class=\"crycon-right-dir\"><\/i><\/a><\/p>\n","protected":false},"author":2237,"featured_media":0,"comment_status":"open","ping_status":"open","sticky":false,"template":"","format":"standard","meta":{"footnotes":""},"categories":[8],"tags":[],"class_list":["post-434","post","type-post","status-publish","format-standard","hentry","category-newslyceevuebelle"],"_links":{"self":[{"href":"https:\/\/etab.ac-reunion.fr\/lyc-vue-belle\/wp-json\/wp\/v2\/posts\/434","targetHints":{"allow":["GET"]}}],"collection":[{"href":"https:\/\/etab.ac-reunion.fr\/lyc-vue-belle\/wp-json\/wp\/v2\/posts"}],"about":[{"href":"https:\/\/etab.ac-reunion.fr\/lyc-vue-belle\/wp-json\/wp\/v2\/types\/post"}],"author":[{"embeddable":true,"href":"https:\/\/etab.ac-reunion.fr\/lyc-vue-belle\/wp-json\/wp\/v2\/users\/2237"}],"replies":[{"embeddable":true,"href":"https:\/\/etab.ac-reunion.fr\/lyc-vue-belle\/wp-json\/wp\/v2\/comments?post=434"}],"version-history":[{"count":1,"href":"https:\/\/etab.ac-reunion.fr\/lyc-vue-belle\/wp-json\/wp\/v2\/posts\/434\/revisions"}],"predecessor-version":[{"id":435,"href":"https:\/\/etab.ac-reunion.fr\/lyc-vue-belle\/wp-json\/wp\/v2\/posts\/434\/revisions\/435"}],"wp:attachment":[{"href":"https:\/\/etab.ac-reunion.fr\/lyc-vue-belle\/wp-json\/wp\/v2\/media?parent=434"}],"wp:term":[{"taxonomy":"category","embeddable":true,"href":"https:\/\/etab.ac-reunion.fr\/lyc-vue-belle\/wp-json\/wp\/v2\/categories?post=434"},{"taxonomy":"post_tag","embeddable":true,"href":"https:\/\/etab.ac-reunion.fr\/lyc-vue-belle\/wp-json\/wp\/v2\/tags?post=434"}],"curies":[{"name":"wp","href":"https:\/\/api.w.org\/{rel}","templated":true}]}}